{"id":117,"date":"2013-10-23T08:46:31","date_gmt":"2013-10-23T08:46:31","guid":{"rendered":"http:\/\/elblogdelapetita.com\/?p=104"},"modified":"2013-10-23T08:46:31","modified_gmt":"2013-10-23T08:46:31","slug":"la-abeja-de-mas-labella-de-mes","status":"publish","type":"post","link":"https:\/\/www.lapetita.com\/blog\/la-abeja-de-mas-labella-de-mes\/","title":{"rendered":"La abeja de m\u00e1s \/ L&#8217;abella de mes"},"content":{"rendered":"<p>Hoy hablamos de abejas, de una colmena donde un d\u00eda descubren que hay una abeja de m\u00e1s. Comienzan las pesquisas, la b\u00fasqueda de la extra\u00f1a, que seguro que se ha colado para aprovecharse de las dem\u00e1s, que no les deja sitio a las otras, que resulta ser la culpable de todos los males de la comunidad. Pero, \u00bfqui\u00e9n ser\u00e1? <a title=\"La abeja de m\u00e1s\" href=\"http:\/\/www.lapetita.com\/es\/libro\/la-abeja-de-mas_5170\">La abeja de m\u00e1s<\/a> \/ <a title=\"L'abella de mes\" href=\"http:\/\/www.lapetita.com\/es\/libro\/labella-de-mes_5171\">L&#8217;abella de m\u00e9s<\/a> es una espl\u00e9ndida reflexi\u00f3n sobre los prejuicios hacia los que vienen de fuera. Y una lecci\u00f3n sobre lo f\u00e1cil que es convertirlos en uno m\u00e1s de nosotros. Publica Takatuka. Los autores son Andr\u00e9s Pi Andreu y Kim Amate. Un \u00e1lbum estupendo&#8230; Y muy divertido.<\/p>\n<p style=\"text-align:left;\">\u00a0 \u00a0 \u00a0 \u00a0 \u00a0 \u00a0 \u00a0 \u00a0 \u00a0 \u00a0 \u00a0 \u00a0 \u00a0 \u00a0<a href=\"http:\/\/elblogdelapetita.files.wordpress.com\/2013\/10\/la-abeja-de-mc3a1s.jpg\"><img loading=\"lazy\" decoding=\"async\" class=\"size-medium wp-image-105 aligncenter\" alt=\"La abeja de m\u00e1s\" src=\"http:\/\/elblogdelapetita.files.wordpress.com\/2013\/10\/la-abeja-de-mc3a1s.jpg?w=257\" width=\"257\" height=\"300\" \/><\/a><\/p>\n<p style=\"text-align:center;\">\u00a0<a href=\"http:\/\/elblogdelapetita.files.wordpress.com\/2013\/10\/l_abella_de_mes.jpg\"><img loading=\"lazy\" decoding=\"async\" class=\"size-medium wp-image-107\" alt=\"l_abella_de_mes\" src=\"http:\/\/elblogdelapetita.files.wordpress.com\/2013\/10\/l_abella_de_mes.jpg?w=257\" width=\"257\" height=\"300\" \/><\/a><\/p>\n","protected":false},"excerpt":{"rendered":"<p>Hoy hablamos de abejas, de una colmena donde un d\u00eda descubren que hay una abeja de m\u00e1s. Comienzan las pesquisas, la b\u00fasqueda de la extra\u00f1a, que seguro que se ha colado para aprovecharse de las dem\u00e1s, que no les deja sitio a las otras, que resulta ser la culpable de todos los males de la [&hellip;]<\/p>\n","protected":false},"author":3,"featured_media":0,"comment_status":"open","ping_status":"open","sticky":false,"template":"","format":"standard","meta":{"footnotes":""},"categories":[36],"tags":[124,140,176,245,323],"_links":{"self":[{"href":"https:\/\/www.lapetita.com\/blog\/wp-json\/wp\/v2\/posts\/117"}],"collection":[{"href":"https:\/\/www.lapetita.com\/blog\/wp-json\/wp\/v2\/posts"}],"about":[{"href":"https:\/\/www.lapetita.com\/blog\/wp-json\/wp\/v2\/types\/post"}],"author":[{"embeddable":true,"href":"https:\/\/www.lapetita.com\/blog\/wp-json\/wp\/v2\/users\/3"}],"replies":[{"embeddable":true,"href":"https:\/\/www.lapetita.com\/blog\/wp-json\/wp\/v2\/comments?post=117"}],"version-history":[{"count":0,"href":"https:\/\/www.lapetita.com\/blog\/wp-json\/wp\/v2\/posts\/117\/revisions"}],"wp:attachment":[{"href":"https:\/\/www.lapetita.com\/blog\/wp-json\/wp\/v2\/media?parent=117"}],"wp:term":[{"taxonomy":"category","embeddable":true,"href":"https:\/\/www.lapetita.com\/blog\/wp-json\/wp\/v2\/categories?post=117"},{"taxonomy":"post_tag","embeddable":true,"href":"https:\/\/www.lapetita.com\/blog\/wp-json\/wp\/v2\/tags?post=117"}],"curies":[{"name":"wp","href":"https:\/\/api.w.org\/{rel}","templated":true}]}}