{"id":121,"date":"2013-10-23T09:04:21","date_gmt":"2013-10-23T09:04:21","guid":{"rendered":"http:\/\/elblogdelapetita.com\/?p=109"},"modified":"2013-10-23T09:04:21","modified_gmt":"2013-10-23T09:04:21","slug":"far-out-isnt-far-enough-el-documental-sobre-tomi-ungerer","status":"publish","type":"post","link":"https:\/\/www.lapetita.com\/blog\/far-out-isnt-far-enough-el-documental-sobre-tomi-ungerer\/","title":{"rendered":"El documental sobre Tomi Ungerer"},"content":{"rendered":"<p>No puede decirse que estemos al filo de la noticia. El documental sobre la vida de Tomi Ungerer, uno de los h\u00e9roes de La Petita, se present\u00f3 el mes pasado en Estados Unidos y nosotros no nos hemos enterado hasta ahora. Un inmenso artista con innumerables perfiles. Este es el trailer de la pel\u00edcula de su vida. \u00bfLlegar\u00e1 hasta aqu\u00ed? De momento, lo que tenemos son sus libros. Todos juntitos en un pedestal: <a title=\"Hombre Luna\" href=\"http:\/\/www.lapetita.com\/es\/libro\/hombre-luna_2632\" target=\"_blank\" rel=\"noopener noreferrer\">Hombre luna<\/a>, <a title=\"Cr\u00edctor\" href=\"http:\/\/www.lapetita.com\/es\/libro\/crictor_674\" target=\"_blank\" rel=\"noopener noreferrer\">Cr\u00edctor<\/a>, <a title=\"El ogro de Zeralda\" href=\"http:\/\/www.lapetita.com\/es\/libro\/el-ogro-de-zeralda_5070\" target=\"_blank\" rel=\"noopener noreferrer\">El ogro de Zeralda<\/a>, <a href=\"http:\/\/www.lapetita.com\/es\/libro\/el-hombre-niebla_4342\" target=\"_blank\" rel=\"noopener noreferrer\">Hombre Niebla<\/a>, <a title=\"Els tres bandits\" href=\"http:\/\/www.lapetita.com\/es\/libro\/els-tres-bandits_2670\" target=\"_blank\" rel=\"noopener noreferrer\">Los tres bandidos<\/a>&#8230;<\/p>\n<p><a href=\"http:\/\/elblogdelapetita.files.wordpress.com\/2013\/10\/loa-tres-bandidos.jpg\"><img loading=\"lazy\" decoding=\"async\" class=\"alignnone size-medium wp-image-143 aligncenter\" alt=\"Loa tres bandidos\" src=\"http:\/\/elblogdelapetita.files.wordpress.com\/2013\/10\/loa-tres-bandidos.jpg?w=300\" width=\"300\" height=\"220\" srcset=\"https:\/\/www.lapetita.com\/blog\/wp-content\/uploads\/2013\/10\/loa-tres-bandidos.jpg 636w, https:\/\/www.lapetita.com\/blog\/wp-content\/uploads\/2013\/10\/loa-tres-bandidos-300x221.jpg 300w\" sizes=\"(max-width: 300px) 100vw, 300px\" \/><\/a><\/p>\n<p><span style=\"line-height:1.714285714;font-size:1rem;\">Aqu\u00ed encontrar\u00e9is el v\u00eddeo:\u00a0<\/span><a style=\"line-height:1.714285714;font-size:1rem;\" href=\"http:\/\/www.facebook.com\/l.php?u=http%3A%2F%2Fyoutu.be%2FX5tS51-0HOs&amp;h=NAQHKFRD5&amp;s=1\" target=\"_blank\" rel=\"noopener noreferrer\">http:\/\/youtu.be\/X5tS51-0HOs<\/a><\/p>\n<h6 class=\"zemanta-related-title\" style=\"font-size:1em;\">Related articles<\/h6>\n<ul class=\"zemanta-article-ul\">\n<li class=\"zemanta-article-ul-li\"><a href=\"http:\/\/www.dadditudes.com\/Movie-detail\/far-out-isnt-far-enough-the-tomi-ungerer-story\/\" target=\"_blank\" rel=\"noopener noreferrer\">Far Out Isn&#8217;t Far Enough: The Tomi Ungerer Story<\/a> (dadditudes.com)<\/li>\n<li class=\"zemanta-article-ul-li\"><a href=\"http:\/\/whatnottodoc.com\/2013\/10\/22\/on-dvd-far-out-isnt-far-enough\/\" target=\"_blank\" rel=\"noopener noreferrer\">On DVD: FAR OUT ISN&#8217;T FAR ENOUGH<\/a> (whatnottodoc.com)<\/li>\n<\/ul>\n","protected":false},"excerpt":{"rendered":"<p>No puede decirse que estemos al filo de la noticia. El documental sobre la vida de Tomi Ungerer, uno de los h\u00e9roes de La Petita, se present\u00f3 el mes pasado en Estados Unidos y nosotros no nos hemos enterado hasta ahora. Un inmenso artista con innumerables perfiles. Este es el trailer de la pel\u00edcula de [&hellip;]<\/p>\n","protected":false},"author":3,"featured_media":0,"comment_status":"open","ping_status":"open","sticky":false,"template":"","format":"standard","meta":{"footnotes":""},"categories":[36],"tags":[187,330],"_links":{"self":[{"href":"https:\/\/www.lapetita.com\/blog\/wp-json\/wp\/v2\/posts\/121"}],"collection":[{"href":"https:\/\/www.lapetita.com\/blog\/wp-json\/wp\/v2\/posts"}],"about":[{"href":"https:\/\/www.lapetita.com\/blog\/wp-json\/wp\/v2\/types\/post"}],"author":[{"embeddable":true,"href":"https:\/\/www.lapetita.com\/blog\/wp-json\/wp\/v2\/users\/3"}],"replies":[{"embeddable":true,"href":"https:\/\/www.lapetita.com\/blog\/wp-json\/wp\/v2\/comments?post=121"}],"version-history":[{"count":0,"href":"https:\/\/www.lapetita.com\/blog\/wp-json\/wp\/v2\/posts\/121\/revisions"}],"wp:attachment":[{"href":"https:\/\/www.lapetita.com\/blog\/wp-json\/wp\/v2\/media?parent=121"}],"wp:term":[{"taxonomy":"category","embeddable":true,"href":"https:\/\/www.lapetita.com\/blog\/wp-json\/wp\/v2\/categories?post=121"},{"taxonomy":"post_tag","embeddable":true,"href":"https:\/\/www.lapetita.com\/blog\/wp-json\/wp\/v2\/tags?post=121"}],"curies":[{"name":"wp","href":"https:\/\/api.w.org\/{rel}","templated":true}]}}