{"id":1310,"date":"2016-10-28T18:18:53","date_gmt":"2016-10-28T18:18:53","guid":{"rendered":"http:\/\/elblogdelapetita.com\/?p=1310"},"modified":"2016-10-28T18:18:53","modified_gmt":"2016-10-28T18:18:53","slug":"agenda-de-actividades-de-noviembre-en-la-petita","status":"publish","type":"post","link":"https:\/\/www.lapetita.com\/blog\/agenda-de-actividades-de-noviembre-en-la-petita\/","title":{"rendered":"Agenda de actividades de noviembre en La Petita"},"content":{"rendered":"<div>\n<p><strong><img loading=\"lazy\" decoding=\"async\" src=\"https:\/\/gallery.mailchimp.com\/91b695bd2cfd0b2378c5b6090\/images\/ebf05bae-5f42-4af0-af80-18c1275689e6.jpg\" width=\"170\" height=\"95\" align=\"left\" \/><\/strong><\/p>\n<p>&nbsp;<\/p>\n<p>&nbsp;<\/p>\n<p><strong>DIJOUS<\/strong><strong> 3\/11, 17:30 h<\/strong><\/p>\n<p><strong>&#8212; Contacontes per a nens d&#8217; 1 a 3 anys &#8212;<\/strong><br \/>\nSessi\u00f3 de contacontes amb la <strong>Mariona Trenchs<\/strong>.<br \/>\nPlaces limitades<br \/>\n<strong>Preu:<\/strong>\u00a0 5 \u20ac per nen\/1 sessi\u00f3 (subjecte a disponibilitat de places)<br \/>\n<em><strong>-novetat- \u00a0 <\/strong><\/em>30 \u20ac totes les sessions i pla\u00e7a assegurada!!!<br \/>\n<strong><em>(clica <a href=\"https:\/\/elblogdelapetita.com\/calendari-contacontes-mariona-13-i-36\/\" target=\"_blank\" rel=\"noopener noreferrer\">aqu\u00ed<\/a> per veure el calendari complet de sessions)<\/em><\/strong><br \/>\nI tots aquells que compreu el <em>bonus<\/em> del cicle complet, rebreu el carnet <strong>PETIT LECTOR<\/strong> (m\u00e9s <a href=\"http:\/\/us7.campaign-archive1.com\/?u=91b695bd2cfd0b2378c5b6090&amp;id=ddb2f506bf\" target=\"_blank\" rel=\"noopener noreferrer\">info<\/a>).<\/p>\n<p>&nbsp;<\/p>\n<p><strong><img loading=\"lazy\" decoding=\"async\" src=\"https:\/\/gallery.mailchimp.com\/91b695bd2cfd0b2378c5b6090\/images\/ccf7c269-a56f-4db3-9a4a-4926546b7eeb.jpg\" width=\"138\" height=\"95\" align=\"right\" \/><\/strong><\/p>\n<p><strong>DIVENDRES<\/strong><strong> 4\/11,19:30 h<\/strong><\/p>\n<p><strong>CICLE \u00c0LBUM IL\u00b7LUSTRAT: LA PETITA IL\u00b7LUSTRADA<\/strong><br \/>\n1a sessi\u00f3 del nou taller d&#8217;\u00e0lbum il\u00b7lustrat dirigit a educadors, professionals del m\u00f3n de la inf\u00e0ncia, pares, mares i amants de la literatura infantil i juvenil. En aquesta primera sessi\u00f3,\u00a0tractarem de veure qu\u00e8 caracteritza a l&#8217;\u00e0lbum, quins s\u00f3n els elements essencials per aprendre a triar-los i com compartir la lectura.<br \/>\n<strong>On: <\/strong>\u00a0\u00a0\u00a0 EDIFICI LA JUANITA (c\/Pons i Sobir\u00e0, 3)<br \/>\n<strong>Preu:<\/strong>\u00a0\u00a0 35\u20ac \/ 8 sessions o 6\u20ac \/sessi\u00f3<br \/>\n<strong><em>Per veure tota la programaci\u00f3 del cicle clica <a href=\"https:\/\/elblogdelapetita.com\/cicle-la-petita-il%e2%80%a2lustrada\/\" target=\"_blank\" rel=\"noopener noreferrer\">aqu\u00ed<\/a><\/em><\/strong><\/p>\n<p>&nbsp;<\/p>\n<p><strong><img loading=\"lazy\" decoding=\"async\" src=\"https:\/\/gallery.mailchimp.com\/91b695bd2cfd0b2378c5b6090\/images\/f553e7aa-c778-41d1-867e-1b0382b7a7ba.jpg\" width=\"138\" height=\"193\" align=\"left\" \/><\/strong><strong>DISSABTE<\/strong><strong> 5\/11, 18:00 h<\/strong><br \/>\n<strong>&#8212; Contacontes <em>Emili<\/em> , de Tomi Ungerer&#8211;<\/strong><br \/>\nL&#8217;editorial Kalandraka ens porta a La Petita les apassionants aventures de l&#8217;Emili, un pop molt i molt intr\u00e8pid! A partir de 3 anys.<br \/>\n<em><strong>Gratu\u00eft<\/strong><\/em>.\u00a0\u00a0 Cal fer <a href=\"mailto:info@lapetita.com?subject=Reserva%20DISSABTE%205%2F11%20Contacontes%20Emili\" target=\"_blank\" rel=\"noopener noreferrer\">reserva<\/a> anticipada.<\/p>\n<\/div>\n<p>&nbsp;<\/p>\n<p>&nbsp;<\/p>\n<p>&nbsp;<\/p>\n<div>\n<p><strong><img loading=\"lazy\" decoding=\"async\" src=\"https:\/\/gallery.mailchimp.com\/91b695bd2cfd0b2378c5b6090\/images\/d6c8b3bb-74ea-4232-93b5-f777f626bc8f.jpg\" width=\"100\" height=\"160\" align=\"right\" \/><\/strong><strong>DISSABTE 5\/11, 18:00 h<br \/>\nCICLE JUVENIL #NOCREIXEU!<\/strong><br \/>\nSegona sessi\u00f3 del cicle de lectura juvenil, aquest cop amb <em>Les aventures de Tom Sawyer<\/em>, de Mark Twain, de la m\u00e0 de l&#8217;<strong>Elisenda Roca<\/strong> i en <strong>Victor Amela<\/strong>.<br \/>\n<strong>On: <\/strong>\u00a0\u00a0\u00a0\u00a0 EDIFICI LA JUANITA (c\/Pons i Sobir\u00e0, 3)<br \/>\n<strong>Preu:<\/strong>\u00a0\u00a0 40\u20ac \/ 9 sessions o 8\u20ac \/sessi\u00f3 (subjecte a disponibilitat de places)<br \/>\n<strong><em>Per veure tota la programaci\u00f3 del cicle clica <a href=\"https:\/\/elblogdelapetita.com\/cicle-juvenil-nocreixeu\/\" target=\"_blank\" rel=\"noopener noreferrer\">aqu\u00ed<\/a><\/em><\/strong><br \/>\nI tots aquells que compreu el <em>bonus<\/em> del cicle complet, rebreu el carnet <strong>PETIT LECTOR<\/strong> (m\u00e9s <a href=\"http:\/\/us7.campaign-archive1.com\/?u=91b695bd2cfd0b2378c5b6090&amp;id=ddb2f506bf\" target=\"_blank\" rel=\"noopener noreferrer\">info<\/a>).<br \/>\nAmb la col\u00b7laboraci\u00f3 de:<br \/>\n<img loading=\"lazy\" decoding=\"async\" src=\"https:\/\/gallery.mailchimp.com\/91b695bd2cfd0b2378c5b6090\/images\/e7f8a248-7970-41fa-82a1-d58d02d8ff7a.jpg\" width=\"100\" height=\"52\" align=\"none\" \/><\/p>\n<p>&nbsp;<\/p>\n<div><strong>DIMECRES<\/strong><strong> 9\/11, 17:30 h<\/strong><br \/>\n<strong>&#8212; Contacontes per a nens de 3 a 6 anys &#8212;<\/strong><br \/>\nSessi\u00f3 de contacontes amb la <strong>Mariona Trenchs<\/strong>.<br \/>\nPlaces limitades<br \/>\n<strong>Preu:<\/strong>\u00a0 5 \u20ac per nen\/1 sessi\u00f3 (subjecte a disponibilitat de places)<br \/>\n<em><strong>-novetat- \u00a0 <\/strong><\/em>30 \u20ac totes les sessions i pla\u00e7a assegurada!!!<br \/>\n<strong><em>(clica <a href=\"https:\/\/elblogdelapetita.com\/calendari-contacontes-mariona-13-i-36\/\" target=\"_blank\" rel=\"noopener noreferrer\">aqu\u00ed<\/a> per veure el calendari complet de sessions)<\/em><\/strong><br \/>\nI tots aquells que compreu el <em>bonus<\/em> del cicle complet, rebreu el carnet <strong>PETIT LECTOR<\/strong> (m\u00e9s <a href=\"http:\/\/us7.campaign-archive1.com\/?u=91b695bd2cfd0b2378c5b6090&amp;id=ddb2f506bf\" target=\"_blank\" rel=\"noopener noreferrer\">info<\/a>).<\/div>\n<div><\/div>\n<div><\/div>\n<\/div>\n<div><\/div>\n<div>\n<div><strong><img loading=\"lazy\" decoding=\"async\" src=\"https:\/\/gallery.mailchimp.com\/91b695bd2cfd0b2378c5b6090\/images\/776d3b71-c5be-4f70-8bef-b05810dd3141.jpg\" width=\"145\" height=\"146\" align=\"right\" \/><\/strong><strong>DISSABTE<\/strong><strong> 12\/11, 18:00 h<\/strong><br \/>\n<strong>&#8212; Contacontes Hansel i Gretel i la fada xocolatera&#8211;<\/strong><br \/>\nLa divertida gent de Vivim del Cuentu torna a la llibreria per explicar-nos el seu nou conte, una dol\u00e7a versi\u00f3 del fam\u00f3s conte tradicional de Hansel i Gretel.<br \/>\n<em><strong>Gratu\u00eft<\/strong><\/em>.\u00a0\u00a0 Cal fer <a href=\"mailto:info@lapetita.com?subject=Reserva%20DISSABTE%2012%2F11%20Contacontes%20Hansel%20i%20Gretel\" target=\"_blank\" rel=\"noopener noreferrer\">reserva<\/a> anticipada.<\/div>\n<div><\/div>\n<\/div>\n<div><\/div>\n<div><\/div>\n<div><\/div>\n<div>\n<div><strong><img loading=\"lazy\" decoding=\"async\" src=\"https:\/\/gallery.mailchimp.com\/91b695bd2cfd0b2378c5b6090\/images\/63fdba1f-915c-450c-97dc-abdd242d4adb.jpg\" width=\"100\" height=\"161\" align=\"left\" \/><\/strong><strong>DISSABTE 19\/11, 18:00 h<br \/>\nCICLE JUVENIL #NOCREIXEU!<\/strong><br \/>\nEns endinsem en la gran novel\u00b7la d&#8217;aventures <em>L&#8217;illa del tresor<\/em>, de R.L Stevenson, una hist\u00f2ria fant\u00e0stica, perfecte per iniciar als m\u00e9s joves en la lectura. Aquesta sessi\u00f3 comptar\u00e0 amb la col\u00b7laboraci\u00f3 de l&#8217;escriptor <strong>Jordi Vila Delcl\u00f2s<\/strong>.<br \/>\n<strong>On: <\/strong>\u00a0\u00a0\u00a0\u00a0 EDIFICI LA JUANITA (c\/Pons i Sobir\u00e0, 3)<br \/>\n<strong>Preu:<\/strong>\u00a0\u00a0 40\u20ac \/ 9 sessions o 8\u20ac \/sessi\u00f3 (subjecte a disponibilitat de places)<br \/>\n<strong><em>Per veure tota la programaci\u00f3 del cicle clica <a href=\"https:\/\/elblogdelapetita.com\/cicle-juvenil-nocreixeu\/\" target=\"_blank\" rel=\"noopener noreferrer\">aqu\u00ed<\/a><\/em><\/strong><br \/>\nI tots aquells que compreu el <em>bonus<\/em> del cicle complet, rebreu el carnet <strong>PETIT LECTOR<\/strong> (m\u00e9s <a href=\"http:\/\/us7.campaign-archive1.com\/?u=91b695bd2cfd0b2378c5b6090&amp;id=ddb2f506bf\" target=\"_blank\" rel=\"noopener noreferrer\">info<\/a>).<br \/>\nAmb la col\u00b7laboraci\u00f3 de:<br \/>\n<img loading=\"lazy\" decoding=\"async\" src=\"https:\/\/gallery.mailchimp.com\/91b695bd2cfd0b2378c5b6090\/images\/e7f8a248-7970-41fa-82a1-d58d02d8ff7a.jpg\" width=\"100\" height=\"52\" align=\"none\" \/><\/div>\n<\/div>\n<div><\/div>\n<div><\/div>\n","protected":false},"excerpt":{"rendered":"<p>&nbsp; &nbsp; DIJOUS 3\/11, 17:30 h &#8212; Contacontes per a nens d&#8217; 1 a 3 anys &#8212; Sessi\u00f3 de contacontes amb la Mariona Trenchs. Places limitades Preu:\u00a0 5 \u20ac per nen\/1 sessi\u00f3 (subjecte a disponibilitat de places) -novetat- \u00a0 30 \u20ac totes les sessions i pla\u00e7a assegurada!!! (clica aqu\u00ed per veure el calendari complet de [&hellip;]<\/p>\n","protected":false},"author":3,"featured_media":1277,"comment_status":"open","ping_status":"open","sticky":false,"template":"","format":"standard","meta":{"footnotes":""},"categories":[9,11,12,14,17,41,45,52,1],"tags":[126,132,151],"_links":{"self":[{"href":"https:\/\/www.lapetita.com\/blog\/wp-json\/wp\/v2\/posts\/1310"}],"collection":[{"href":"https:\/\/www.lapetita.com\/blog\/wp-json\/wp\/v2\/posts"}],"about":[{"href":"https:\/\/www.lapetita.com\/blog\/wp-json\/wp\/v2\/types\/post"}],"author":[{"embeddable":true,"href":"https:\/\/www.lapetita.com\/blog\/wp-json\/wp\/v2\/users\/3"}],"replies":[{"embeddable":true,"href":"https:\/\/www.lapetita.com\/blog\/wp-json\/wp\/v2\/comments?post=1310"}],"version-history":[{"count":0,"href":"https:\/\/www.lapetita.com\/blog\/wp-json\/wp\/v2\/posts\/1310\/revisions"}],"wp:featuredmedia":[{"embeddable":true,"href":"https:\/\/www.lapetita.com\/blog\/wp-json\/wp\/v2\/media\/1277"}],"wp:attachment":[{"href":"https:\/\/www.lapetita.com\/blog\/wp-json\/wp\/v2\/media?parent=1310"}],"wp:term":[{"taxonomy":"category","embeddable":true,"href":"https:\/\/www.lapetita.com\/blog\/wp-json\/wp\/v2\/categories?post=1310"},{"taxonomy":"post_tag","embeddable":true,"href":"https:\/\/www.lapetita.com\/blog\/wp-json\/wp\/v2\/tags?post=1310"}],"curies":[{"name":"wp","href":"https:\/\/api.w.org\/{rel}","templated":true}]}}