{"id":1324,"date":"2016-11-23T17:21:50","date_gmt":"2016-11-23T17:21:50","guid":{"rendered":"http:\/\/elblogdelapetita.com\/?p=1324"},"modified":"2016-11-23T17:21:50","modified_gmt":"2016-11-23T17:21:50","slug":"el-3-de-desembre-neix-el-rodacontes","status":"publish","type":"post","link":"https:\/\/www.lapetita.com\/blog\/el-3-de-desembre-neix-el-rodacontes\/","title":{"rendered":"El 3 de desembre engeguem el Rodacontes"},"content":{"rendered":"<p style=\"text-align:center;\"><strong>CONTES SOBRE RODES ALS AUTOBUSOS HIST\u00d2RICS DE BARCELONA<\/strong><strong>\u00a0<\/strong><\/p>\n<p><em>La llibreria infantil i juvenil <strong>La Petita<\/strong>, amb la col\u00b7laboraci\u00f3 de la <strong>Fundaci\u00f3 TMB<\/strong> i el suport del<strong> Departament de Cultura de la Generalitat<\/strong>, posa en marxa una iniciativa per transformar els autobusos del patrimoni hist\u00f2ric de la Fundaci\u00f3 en escenaris itinerants.<\/em><\/p>\n<p><em>El dia <strong>3 de desembre<\/strong>, al <strong>Poblenou<\/strong>, tindr\u00e0 lloc la presentaci\u00f3 en societat del primer <strong>Rodacontes<\/strong>, un autob\u00fas que far\u00e0 un recorregut per diferents localitzacions del barri celebrant sessions de contacontes.<\/em><\/p>\n<div id='gallery-1' class='gallery galleryid-1324 gallery-columns-3 gallery-size-thumbnail'><figure class='gallery-item'>\n\t\t\t<div class='gallery-icon landscape'>\n\t\t\t\t<a href='https:\/\/www.lapetita.com\/blog\/el-3-de-desembre-neix-el-rodacontes\/chausson\/'><img loading=\"lazy\" decoding=\"async\" width=\"150\" height=\"150\" src=\"https:\/\/www.lapetita.com\/blog\/wp-content\/uploads\/2016\/11\/chausson-150x150.jpg\" class=\"attachment-thumbnail size-thumbnail\" alt=\"\" \/><\/a>\n\t\t\t<\/div><\/figure><figure class='gallery-item'>\n\t\t\t<div class='gallery-icon landscape'>\n\t\t\t\t<a href='https:\/\/www.lapetita.com\/blog\/el-3-de-desembre-neix-el-rodacontes\/dodge\/'><img loading=\"lazy\" decoding=\"async\" width=\"150\" height=\"150\" src=\"https:\/\/www.lapetita.com\/blog\/wp-content\/uploads\/2016\/11\/dodge-150x150.jpg\" class=\"attachment-thumbnail size-thumbnail\" alt=\"\" \/><\/a>\n\t\t\t<\/div><\/figure><figure class='gallery-item'>\n\t\t\t<div class='gallery-icon landscape'>\n\t\t\t\t<a href='https:\/\/www.lapetita.com\/blog\/el-3-de-desembre-neix-el-rodacontes\/pt_basica-gran-aclo-410i\/'><img loading=\"lazy\" decoding=\"async\" width=\"150\" height=\"150\" src=\"https:\/\/www.lapetita.com\/blog\/wp-content\/uploads\/2016\/11\/pt_basica-gran-aclo-410i-150x150.jpg\" class=\"attachment-thumbnail size-thumbnail\" alt=\"\" \/><\/a>\n\t\t\t<\/div><\/figure>\n\t\t<\/div>\n\n<p>D&#8217;un temps en\u00e7\u00e0, a <strong>La Petita<\/strong> cerc\u00e0vem un lloc per organitzar un festival de contacontes on els narradors, les editorials i els autors especialitzats en l&#8217;\u00e0lbum il\u00b7lustrat, poguessin trobar-se amb els seus lectors: la canalla. I pensant en tot plegat, ens v\u00e0rem preguntar:<\/p>\n<p>\u00bfPer qu\u00e8 buscar un espai fix i no un de m\u00f2bil, que ens permet\u00e9s portar les sessions de contacontes all\u00e0 on volgu\u00e9ssim? \u00bfPer qu\u00e8 no fer de la nostra una llibreria itinerant que pogu\u00e9s\u00a0rec\u00f3rrer\u00a0no ja el Poblenou, sin\u00f3 qualsevol dels barris i districtes de Barcelona, o de Catalunya?<\/p>\n<p>D&#8217;aquestes preguntes va n\u00e9ixer la nostra resposta: <strong>Rodacontes<\/strong>, un bus de contes, la presentaci\u00f3 del qual tindr\u00e0 lloc el proper <strong>dissabte 3 de desembre<\/strong> als carrers i places de Poblenou.<\/p>\n<p style=\"text-align:center;\"><strong>\u00bfEn qu\u00e8 consisteix?<\/strong><\/p>\n<p>El <strong>Rodacontes<\/strong> posar\u00e0 al servei de la literatura infantil els autobusos m\u00e9s m\u00e0gics, espectaculars i preciosos que poden trobar-se a la ciutat de Barcelona. I ho far\u00e0 gr\u00e0cies a l\u2019acord al qual hem arribat amb la <strong>Fundaci\u00f3 TMB<\/strong>, que ens permetr\u00e0 fer servir en successives ocasions la majoria dels vehicles que conformen el seu patrimoni hist\u00f2ric. Autobusos que un dia van rec\u00f3rrer els carrers de Barcelona portant als barcelonins a la feina o al teatre, a casa de la mare o al registre municipal, i que avui troben una manera de reciclar-se com vehicles de cultura, que transportaran les narracions dels millors contes infantils all\u00e0 on arribi la xarxa de <strong>Transports Metropolitans de Barcelona<\/strong>.<\/p>\n<p><strong>Rodacontes<\/strong> vol crear experi\u00e8ncies liter\u00e0ries extraordin\u00e0ries, records inoblidables, m\u00e0gia. I per aix\u00f2, sota la direcci\u00f3 art\u00edstica de l&#8217;actriu i pedagoga Alba Jos\u00e9, comptem amb un equip de narradors i artistes de primer nivell que transformaran l&#8217;espai del bus en un indret fabul\u00f3s. Per\u00f2 aix\u00f2 no \u00e9s tot.<\/p>\n<p>El projecte <strong>Rodacontes <\/strong>est\u00e0 obert a la participaci\u00f3 i col\u00b7laboraci\u00f3 de tots aquells que vulguin fer-lo servir: editorials, institucions p\u00fabliques o privades, ajuntaments, eixos comercials i associacions de tot tipus que desitgin realitzar una activitat cultural infantil de foment de la lectura i entreteniment.<\/p>\n<p style=\"text-align:center;\"><strong>Com ho farem?<\/strong><\/p>\n<p>La <strong>Primera<\/strong><strong> sessi\u00f3<\/strong> del <strong>Rodacontes<\/strong> tindr\u00e0 lloc al barri de <strong>Poblenou<\/strong>, en tres empla\u00e7aments que conformaran un petit circuit, una l\u00ednia de bus mai abans recorreguda pels busos de la flota de <strong>TMB<\/strong>. A cadascun d\u2019aquests llocs, que estaran senyalitzats com parades, els nens pujaran al bus per gaudir de la sessi\u00f3 de contacontes, al final de la qual l&#8217;autob\u00fas continuar\u00e0 el seu recorregut cap a la seg\u00fcent parada.<strong>\u00a0<\/strong><\/p>\n<p style=\"text-align:center;\"><strong>Parades i horaris<\/strong><strong>\u00a0<\/strong><\/p>\n<ol>\n<li><strong> 11:00 am. Davant la Biblioteca Manuel Arranz Poblenou. C\/ Joncar 35<\/strong><strong>\u00a0<\/strong><\/li>\n<\/ol>\n<ol start=\"2\">\n<li><strong> 12:15 pm. Superilla (Sancho d&#8217;Avila\/ Roc Boronat)<\/strong><strong>\u00a0<\/strong><\/li>\n<\/ol>\n<ol start=\"3\">\n<li><strong> 13:30 pm. Pla\u00e7a Bernat Calv\u00f3 s\/n.<\/strong><strong>\u00a0<\/strong><\/li>\n<\/ol>\n<p><strong><img loading=\"lazy\" decoding=\"async\" class=\"  wp-image-1333 aligncenter\" src=\"https:\/\/elblogdelapetita.files.wordpress.com\/2016\/11\/mapa-rodacontes-poblenou.png\" alt=\"mapa-rodacontes-poblenou\" width=\"280\" height=\"311\" srcset=\"https:\/\/www.lapetita.com\/blog\/wp-content\/uploads\/2016\/11\/mapa-rodacontes-poblenou.png 336w, https:\/\/www.lapetita.com\/blog\/wp-content\/uploads\/2016\/11\/mapa-rodacontes-poblenou-270x300.png 270w\" sizes=\"(max-width: 280px) 100vw, 280px\" \/><\/strong><\/p>\n<p>Les places s\u00f3n limitades, ra\u00f3 per la qual els interessats en assistir a qualsevol de les tres funcions, hauran de sol\u00b7licitar reserva a\u00a0 <strong>rodacontes@gmail.com<\/strong>. Els seients seran assignats per rigor\u00f3s ordre d&#8217;arribada de les sol\u00b7licituds, i s&#8217;hauran de\u00a0 confirmar 10 minuts abans de l&#8217;inici de cada sessi\u00f3 a la parada corresponent.<\/p>\n<p><strong>M\u00e9s info i imatges a: <a href=\"mailto:rodacontes@gmail.com\">rodacontes@gmail.com<\/a><\/strong><\/p>\n<p><strong>Contacte: Miguel \u00c1ngel Rinc\u00f3n 617 40 27 20 \/ 93 188 24 56<\/strong><\/p>\n<p><strong>Activitat realitzada amb el suport del Departament de<\/strong><br \/>\n<strong>Cultura de la Generalitat de Catalunya.<\/strong><\/p>\n<p>&nbsp;<\/p>\n","protected":false},"excerpt":{"rendered":"<p>CONTES SOBRE RODES ALS AUTOBUSOS HIST\u00d2RICS DE BARCELONA\u00a0 La llibreria infantil i juvenil La Petita, amb la col\u00b7laboraci\u00f3 de la Fundaci\u00f3 TMB i el suport del Departament de Cultura de la Generalitat, posa en marxa una iniciativa per transformar els autobusos del patrimoni hist\u00f2ric de la Fundaci\u00f3 en escenaris itinerants. El dia 3 de desembre, [&hellip;]<\/p>\n","protected":false},"author":3,"featured_media":1343,"comment_status":"open","ping_status":"open","sticky":false,"template":"","format":"standard","meta":{"footnotes":""},"categories":[11,12,52,117,106],"tags":[126,128,157,306,329,333],"_links":{"self":[{"href":"https:\/\/www.lapetita.com\/blog\/wp-json\/wp\/v2\/posts\/1324"}],"collection":[{"href":"https:\/\/www.lapetita.com\/blog\/wp-json\/wp\/v2\/posts"}],"about":[{"href":"https:\/\/www.lapetita.com\/blog\/wp-json\/wp\/v2\/types\/post"}],"author":[{"embeddable":true,"href":"https:\/\/www.lapetita.com\/blog\/wp-json\/wp\/v2\/users\/3"}],"replies":[{"embeddable":true,"href":"https:\/\/www.lapetita.com\/blog\/wp-json\/wp\/v2\/comments?post=1324"}],"version-history":[{"count":0,"href":"https:\/\/www.lapetita.com\/blog\/wp-json\/wp\/v2\/posts\/1324\/revisions"}],"wp:featuredmedia":[{"embeddable":true,"href":"https:\/\/www.lapetita.com\/blog\/wp-json\/wp\/v2\/media\/1343"}],"wp:attachment":[{"href":"https:\/\/www.lapetita.com\/blog\/wp-json\/wp\/v2\/media?parent=1324"}],"wp:term":[{"taxonomy":"category","embeddable":true,"href":"https:\/\/www.lapetita.com\/blog\/wp-json\/wp\/v2\/categories?post=1324"},{"taxonomy":"post_tag","embeddable":true,"href":"https:\/\/www.lapetita.com\/blog\/wp-json\/wp\/v2\/tags?post=1324"}],"curies":[{"name":"wp","href":"https:\/\/api.w.org\/{rel}","templated":true}]}}