{"id":1352,"date":"2016-12-10T19:50:58","date_gmt":"2016-12-10T19:50:58","guid":{"rendered":"http:\/\/elblogdelapetita.com\/?p=1352"},"modified":"2016-12-10T19:50:58","modified_gmt":"2016-12-10T19:50:58","slug":"y-el-rodacontes-arranco","status":"publish","type":"post","link":"https:\/\/www.lapetita.com\/blog\/y-el-rodacontes-arranco\/","title":{"rendered":"Y el Rodacontes arranc\u00f3"},"content":{"rendered":"<p>El otro d\u00eda ocurri\u00f3 una cosa extraordinaria en Poblenou. Un autob\u00fas de la @Fundaci\u00f3TMB se convirti\u00f3 durante toda una ma\u00f1ana en un espacio esc\u00e9nico repleto de magia y sonrisas.<\/p>\n<p>Os dejamos algunas fotos realizadas por Dani \u00c1lvarez (http:\/\/www.elmeucopdull.cat\/inici) aquel d\u00eda.<\/p>\n<p>Gracias a todos por venir, por participar, por ayudar, por estar, por subir al Rodacontes.<\/p>\n<p>Nos vemos en la pr\u00f3xima parada.<\/p>\n<p>(Rodacontes \u00e9s una activitat realitzada amb el suport del Departament de Cultura de la Generalitat de Catalunya)<\/p>\n<div id='gallery-1' class='gallery galleryid-1352 gallery-columns-3 gallery-size-thumbnail'><figure class='gallery-item'>\n\t\t\t<div class='gallery-icon landscape'>\n\t\t\t\t<a href='https:\/\/www.lapetita.com\/blog\/dani-alvarez-rodacontes-106\/'><img loading=\"lazy\" decoding=\"async\" width=\"150\" height=\"150\" src=\"https:\/\/www.lapetita.com\/blog\/wp-content\/uploads\/2016\/12\/dani-alvarez-rodacontes-106-150x150.jpg\" class=\"attachment-thumbnail size-thumbnail\" alt=\"\" \/><\/a>\n\t\t\t<\/div><\/figure><figure class='gallery-item'>\n\t\t\t<div class='gallery-icon landscape'>\n\t\t\t\t<a href='https:\/\/www.lapetita.com\/blog\/dani-alvarez-rodacontes-382\/'><img loading=\"lazy\" decoding=\"async\" width=\"150\" height=\"150\" src=\"https:\/\/www.lapetita.com\/blog\/wp-content\/uploads\/2016\/12\/dani-alvarez-rodacontes-382-150x150.jpg\" class=\"attachment-thumbnail size-thumbnail\" alt=\"\" \/><\/a>\n\t\t\t<\/div><\/figure><figure class='gallery-item'>\n\t\t\t<div class='gallery-icon landscape'>\n\t\t\t\t<a href='https:\/\/www.lapetita.com\/blog\/dani-alvarez-rodacontes-437\/'><img loading=\"lazy\" decoding=\"async\" width=\"150\" height=\"150\" src=\"https:\/\/www.lapetita.com\/blog\/wp-content\/uploads\/2016\/12\/dani-alvarez-rodacontes-437-150x150.jpg\" class=\"attachment-thumbnail size-thumbnail\" alt=\"\" \/><\/a>\n\t\t\t<\/div><\/figure><figure class='gallery-item'>\n\t\t\t<div class='gallery-icon landscape'>\n\t\t\t\t<a href='https:\/\/www.lapetita.com\/blog\/dani-alvarez-rodacontes-480\/'><img loading=\"lazy\" decoding=\"async\" width=\"150\" height=\"150\" src=\"https:\/\/www.lapetita.com\/blog\/wp-content\/uploads\/2016\/12\/dani-alvarez-rodacontes-480-150x150.jpg\" class=\"attachment-thumbnail size-thumbnail\" alt=\"\" \/><\/a>\n\t\t\t<\/div><\/figure><figure class='gallery-item'>\n\t\t\t<div class='gallery-icon landscape'>\n\t\t\t\t<a href='https:\/\/www.lapetita.com\/blog\/dani-alvarez-rodacontes-498\/'><img loading=\"lazy\" decoding=\"async\" width=\"150\" height=\"150\" src=\"https:\/\/www.lapetita.com\/blog\/wp-content\/uploads\/2016\/12\/dani-alvarez-rodacontes-498-150x150.jpg\" class=\"attachment-thumbnail size-thumbnail\" alt=\"\" \/><\/a>\n\t\t\t<\/div><\/figure><figure class='gallery-item'>\n\t\t\t<div class='gallery-icon landscape'>\n\t\t\t\t<a href='https:\/\/www.lapetita.com\/blog\/dani-alvarez-rodacontes-542\/'><img loading=\"lazy\" decoding=\"async\" width=\"150\" height=\"150\" src=\"https:\/\/www.lapetita.com\/blog\/wp-content\/uploads\/2016\/12\/dani-alvarez-rodacontes-542-150x150.jpg\" class=\"attachment-thumbnail size-thumbnail\" alt=\"\" \/><\/a>\n\t\t\t<\/div><\/figure><figure class='gallery-item'>\n\t\t\t<div class='gallery-icon landscape'>\n\t\t\t\t<a href='https:\/\/www.lapetita.com\/blog\/dani-alvarez-rodacontes-566\/'><img loading=\"lazy\" decoding=\"async\" width=\"150\" height=\"150\" src=\"https:\/\/www.lapetita.com\/blog\/wp-content\/uploads\/2016\/12\/dani-alvarez-rodacontes-566-150x150.jpg\" class=\"attachment-thumbnail size-thumbnail\" alt=\"\" \/><\/a>\n\t\t\t<\/div><\/figure><figure class='gallery-item'>\n\t\t\t<div class='gallery-icon landscape'>\n\t\t\t\t<a href='https:\/\/www.lapetita.com\/blog\/y-el-rodacontes-arranco\/dani-alvarez-rodamon-62\/'><img loading=\"lazy\" decoding=\"async\" width=\"150\" height=\"150\" src=\"https:\/\/www.lapetita.com\/blog\/wp-content\/uploads\/2016\/12\/dani-alvarez-rodamon-62-150x150.jpg\" class=\"attachment-thumbnail size-thumbnail\" alt=\"\" \/><\/a>\n\t\t\t<\/div><\/figure><figure class='gallery-item'>\n\t\t\t<div class='gallery-icon landscape'>\n\t\t\t\t<a href='https:\/\/www.lapetita.com\/blog\/y-el-rodacontes-arranco\/dani-alvarez-rodamon-22\/'><img loading=\"lazy\" decoding=\"async\" width=\"150\" height=\"150\" src=\"https:\/\/www.lapetita.com\/blog\/wp-content\/uploads\/2016\/12\/dani-alvarez-rodamon-22-150x150.jpg\" class=\"attachment-thumbnail size-thumbnail\" alt=\"\" \/><\/a>\n\t\t\t<\/div><\/figure><figure class='gallery-item'>\n\t\t\t<div class='gallery-icon portrait'>\n\t\t\t\t<a href='https:\/\/www.lapetita.com\/blog\/y-el-rodacontes-arranco\/dani-alvarez-rodamon-121\/'><img loading=\"lazy\" decoding=\"async\" width=\"150\" height=\"150\" src=\"https:\/\/www.lapetita.com\/blog\/wp-content\/uploads\/2016\/12\/dani-alvarez-rodamon-121-150x150.jpg\" class=\"attachment-thumbnail size-thumbnail\" alt=\"\" \/><\/a>\n\t\t\t<\/div><\/figure><figure class='gallery-item'>\n\t\t\t<div class='gallery-icon landscape'>\n\t\t\t\t<a href='https:\/\/www.lapetita.com\/blog\/y-el-rodacontes-arranco\/dani-alvarez-rodamon-233\/'><img loading=\"lazy\" decoding=\"async\" width=\"150\" height=\"150\" src=\"https:\/\/www.lapetita.com\/blog\/wp-content\/uploads\/2016\/12\/dani-alvarez-rodamon-233-150x150.jpg\" class=\"attachment-thumbnail size-thumbnail\" alt=\"\" \/><\/a>\n\t\t\t<\/div><\/figure><figure class='gallery-item'>\n\t\t\t<div class='gallery-icon landscape'>\n\t\t\t\t<a href='https:\/\/www.lapetita.com\/blog\/y-el-rodacontes-arranco\/dani-alvarez-rodamon-391\/'><img loading=\"lazy\" decoding=\"async\" width=\"150\" height=\"150\" src=\"https:\/\/www.lapetita.com\/blog\/wp-content\/uploads\/2016\/12\/dani-alvarez-rodamon-391-150x150.jpg\" class=\"attachment-thumbnail size-thumbnail\" alt=\"\" \/><\/a>\n\t\t\t<\/div><\/figure><figure class='gallery-item'>\n\t\t\t<div class='gallery-icon landscape'>\n\t\t\t\t<a href='https:\/\/www.lapetita.com\/blog\/y-el-rodacontes-arranco\/dani-alvarez-rodamon-660\/'><img loading=\"lazy\" decoding=\"async\" width=\"150\" height=\"150\" src=\"https:\/\/www.lapetita.com\/blog\/wp-content\/uploads\/2016\/12\/dani-alvarez-rodamon-660-150x150.jpg\" class=\"attachment-thumbnail size-thumbnail\" alt=\"\" \/><\/a>\n\t\t\t<\/div><\/figure>\n\t\t<\/div>\n\n","protected":false},"excerpt":{"rendered":"<p>El otro d\u00eda ocurri\u00f3 una cosa extraordinaria en Poblenou. Un autob\u00fas de la @Fundaci\u00f3TMB se convirti\u00f3 durante toda una ma\u00f1ana en un espacio esc\u00e9nico repleto de magia y sonrisas. Os dejamos algunas fotos realizadas por Dani \u00c1lvarez (http:\/\/www.elmeucopdull.cat\/inici) aquel d\u00eda. Gracias a todos por venir, por participar, por ayudar, por estar, por subir al Rodacontes. [&hellip;]<\/p>\n","protected":false},"author":3,"featured_media":0,"comment_status":"open","ping_status":"open","sticky":false,"template":"","format":"standard","meta":{"footnotes":""},"categories":[1],"tags":[],"_links":{"self":[{"href":"https:\/\/www.lapetita.com\/blog\/wp-json\/wp\/v2\/posts\/1352"}],"collection":[{"href":"https:\/\/www.lapetita.com\/blog\/wp-json\/wp\/v2\/posts"}],"about":[{"href":"https:\/\/www.lapetita.com\/blog\/wp-json\/wp\/v2\/types\/post"}],"author":[{"embeddable":true,"href":"https:\/\/www.lapetita.com\/blog\/wp-json\/wp\/v2\/users\/3"}],"replies":[{"embeddable":true,"href":"https:\/\/www.lapetita.com\/blog\/wp-json\/wp\/v2\/comments?post=1352"}],"version-history":[{"count":0,"href":"https:\/\/www.lapetita.com\/blog\/wp-json\/wp\/v2\/posts\/1352\/revisions"}],"wp:attachment":[{"href":"https:\/\/www.lapetita.com\/blog\/wp-json\/wp\/v2\/media?parent=1352"}],"wp:term":[{"taxonomy":"category","embeddable":true,"href":"https:\/\/www.lapetita.com\/blog\/wp-json\/wp\/v2\/categories?post=1352"},{"taxonomy":"post_tag","embeddable":true,"href":"https:\/\/www.lapetita.com\/blog\/wp-json\/wp\/v2\/tags?post=1352"}],"curies":[{"name":"wp","href":"https:\/\/api.w.org\/{rel}","templated":true}]}}