{"id":1390,"date":"2017-02-02T19:40:53","date_gmt":"2017-02-02T19:40:53","guid":{"rendered":"http:\/\/elblogdelapetita.com\/?p=1390"},"modified":"2017-02-02T19:40:53","modified_gmt":"2017-02-02T19:40:53","slug":"portem-al-barri-un-tastet-del-musical-el-petit-princep","status":"publish","type":"post","link":"https:\/\/www.lapetita.com\/blog\/portem-al-barri-un-tastet-del-musical-el-petit-princep\/","title":{"rendered":"Portem al barri un tastet del musical El Petit Pr\u00edncep"},"content":{"rendered":"<p>El pr\u00f3ximo 11 de febrero, dentro del ciclo de lectura juvenil #Nocreixeu, organizado por La Petita y Nollegiu con la colaboraci\u00f3n de Museu de la Xocolata, os tenemos preparada una gran sorpresa.<\/p>\n<p>Xavi Duch i Diana Roig ser\u00e1n los invitados especiales con los que contar\u00e1 Elisenda Roca, \u00a0coordinadora y presentadora del ciclo, para introducirnos en esta obra maestra de la literatura&#8230; \u00bfinfantil?<\/p>\n<p>Escucharemos canciones. Y nos reiremos. Y contaremos an\u00e9cdotas sobre el autor y sobre el libro. Y lo pasaremos genial, seguro, como hacemos siempre en esas sesiones.<\/p>\n<p>En el cartel encontrar\u00e9is todos los detalles.<\/p>\n<p>Pod\u00e9is reservar vuestra plaza en La Petita o en Nollegiu.<\/p>\n<p><img loading=\"lazy\" decoding=\"async\" class=\"alignnone size-full wp-image-1396\" src=\"https:\/\/elblogdelapetita.files.wordpress.com\/2017\/02\/petitprincepa41.jpg\" alt=\"petitprincepa41\" width=\"2480\" height=\"3508\" \/><\/p>\n","protected":false},"excerpt":{"rendered":"<p>El pr\u00f3ximo 11 de febrero, dentro del ciclo de lectura juvenil #Nocreixeu, organizado por La Petita y Nollegiu con la colaboraci\u00f3n de Museu de la Xocolata, os tenemos preparada una gran sorpresa. Xavi Duch i Diana Roig ser\u00e1n los invitados especiales con los que contar\u00e1 Elisenda Roca, \u00a0coordinadora y presentadora del ciclo, para introducirnos en [&hellip;]<\/p>\n","protected":false},"author":3,"featured_media":1396,"comment_status":"open","ping_status":"open","sticky":false,"template":"","format":"standard","meta":{"footnotes":""},"categories":[1],"tags":[],"_links":{"self":[{"href":"https:\/\/www.lapetita.com\/blog\/wp-json\/wp\/v2\/posts\/1390"}],"collection":[{"href":"https:\/\/www.lapetita.com\/blog\/wp-json\/wp\/v2\/posts"}],"about":[{"href":"https:\/\/www.lapetita.com\/blog\/wp-json\/wp\/v2\/types\/post"}],"author":[{"embeddable":true,"href":"https:\/\/www.lapetita.com\/blog\/wp-json\/wp\/v2\/users\/3"}],"replies":[{"embeddable":true,"href":"https:\/\/www.lapetita.com\/blog\/wp-json\/wp\/v2\/comments?post=1390"}],"version-history":[{"count":0,"href":"https:\/\/www.lapetita.com\/blog\/wp-json\/wp\/v2\/posts\/1390\/revisions"}],"wp:featuredmedia":[{"embeddable":true,"href":"https:\/\/www.lapetita.com\/blog\/wp-json\/wp\/v2\/media\/1396"}],"wp:attachment":[{"href":"https:\/\/www.lapetita.com\/blog\/wp-json\/wp\/v2\/media?parent=1390"}],"wp:term":[{"taxonomy":"category","embeddable":true,"href":"https:\/\/www.lapetita.com\/blog\/wp-json\/wp\/v2\/categories?post=1390"},{"taxonomy":"post_tag","embeddable":true,"href":"https:\/\/www.lapetita.com\/blog\/wp-json\/wp\/v2\/tags?post=1390"}],"curies":[{"name":"wp","href":"https:\/\/api.w.org\/{rel}","templated":true}]}}