{"id":1419,"date":"2017-02-06T10:47:48","date_gmt":"2017-02-06T10:47:48","guid":{"rendered":"http:\/\/elblogdelapetita.com\/?p=1419"},"modified":"2017-02-06T10:47:48","modified_gmt":"2017-02-06T10:47:48","slug":"gran-festa-atrapallibres-2017-10-de-febrer-10-anys-poblenouesllibre","status":"publish","type":"post","link":"https:\/\/www.lapetita.com\/blog\/gran-festa-atrapallibres-2017-10-de-febrer-10-anys-poblenouesllibre\/","title":{"rendered":"Gran Festa Atrapallibres 2017. 10 de febrer. 10 Anys #poblenou\u00e9sllibre"},"content":{"rendered":"<p style=\"text-align:left;\">Aquest divendres, us convidem a la primera sessi\u00f3 de la nostra Gran Festa Anual Atrapallibres 2017.<\/p>\n<p>Ser\u00e0 una ocasi\u00f3 molt especial, sobretot per a aquells que ja heu llegit o esteu llegint qualsevol de les tres novel\u00b7les finalistes i esteu desitjant que arribi el dia de votar.<\/p>\n<p>Des de la <strong>Llibreria Infantil i Juvenil la Petita<\/strong> i la <strong>Biblioteca Manuel Arranz-Poblenou<\/strong>, volem ajudar-vos a prendre la decisi\u00f3, i sobretot a passar una estona estupenda, per aix\u00f2 hem convidat als autors i editors dels t\u00edtols finalistes perqu\u00e8 us expliquin:<\/p>\n<p>Per qu\u00e8 heu de votar el seu llibre?<\/p>\n<div dir=\"ltr\">Una divertida trobada per parlar amb els autors i preguntar-los tot all\u00f2 que se us ocorri.<\/div>\n<div dir=\"ltr\"><\/div>\n<p style=\"text-align:left;\">Aquest divendres, a les 18:00, els de 10 anys. El 17 de febrer (proper divendres), els de 11-12 anys<\/p>\n<p style=\"text-align:left;\">Us hi esperem!!<\/p>\n<p><img loading=\"lazy\" decoding=\"async\" class=\"alignnone size-full wp-image-1932\" src=\"https:\/\/elblogdelapetita.files.wordpress.com\/2017\/02\/1c2ba-sesin-fiesta-atrapa.jpg\" alt=\"1\u00ba sesin fiesta atrapa\" width=\"1149\" height=\"1625\" \/><\/p>\n<p>&nbsp;<\/p>\n","protected":false},"excerpt":{"rendered":"<p>Aquest divendres, us convidem a la primera sessi\u00f3 de la nostra Gran Festa Anual Atrapallibres 2017. Ser\u00e0 una ocasi\u00f3 molt especial, sobretot per a aquells que ja heu llegit o esteu llegint qualsevol de les tres novel\u00b7les finalistes i esteu desitjant que arribi el dia de votar. Des de la Llibreria Infantil i Juvenil la [&hellip;]<\/p>\n","protected":false},"author":3,"featured_media":1934,"comment_status":"open","ping_status":"open","sticky":false,"template":"","format":"standard","meta":{"footnotes":""},"categories":[6,11,12,14,31,1],"tags":[126,131,259],"_links":{"self":[{"href":"https:\/\/www.lapetita.com\/blog\/wp-json\/wp\/v2\/posts\/1419"}],"collection":[{"href":"https:\/\/www.lapetita.com\/blog\/wp-json\/wp\/v2\/posts"}],"about":[{"href":"https:\/\/www.lapetita.com\/blog\/wp-json\/wp\/v2\/types\/post"}],"author":[{"embeddable":true,"href":"https:\/\/www.lapetita.com\/blog\/wp-json\/wp\/v2\/users\/3"}],"replies":[{"embeddable":true,"href":"https:\/\/www.lapetita.com\/blog\/wp-json\/wp\/v2\/comments?post=1419"}],"version-history":[{"count":0,"href":"https:\/\/www.lapetita.com\/blog\/wp-json\/wp\/v2\/posts\/1419\/revisions"}],"wp:featuredmedia":[{"embeddable":true,"href":"https:\/\/www.lapetita.com\/blog\/wp-json\/"}],"wp:attachment":[{"href":"https:\/\/www.lapetita.com\/blog\/wp-json\/wp\/v2\/media?parent=1419"}],"wp:term":[{"taxonomy":"category","embeddable":true,"href":"https:\/\/www.lapetita.com\/blog\/wp-json\/wp\/v2\/categories?post=1419"},{"taxonomy":"post_tag","embeddable":true,"href":"https:\/\/www.lapetita.com\/blog\/wp-json\/wp\/v2\/tags?post=1419"}],"curies":[{"name":"wp","href":"https:\/\/api.w.org\/{rel}","templated":true}]}}