{"id":1460,"date":"2017-03-02T13:44:57","date_gmt":"2017-03-02T13:44:57","guid":{"rendered":"http:\/\/elblogdelapetita.com\/2017\/03\/02\/y-este-sabado-el-mitico-calleja-aquel-de-tienes-mas-cuento-que-calleja-os-acordais-en-la-petita\/"},"modified":"2017-03-02T13:44:57","modified_gmt":"2017-03-02T13:44:57","slug":"y-este-sabado-el-mitico-calleja-aquel-de-tienes-mas-cuento-que-calleja-os-acordais-en-la-petita","status":"publish","type":"post","link":"https:\/\/www.lapetita.com\/blog\/y-este-sabado-el-mitico-calleja-aquel-de-tienes-mas-cuento-que-calleja-os-acordais-en-la-petita\/","title":{"rendered":"Y este s\u00e1bado, el m\u00edtico Calleja -aquel de tienes m\u00e1s cuento que Calleja, \u00bfos acord\u00e1is?- en La Petita"},"content":{"rendered":"","protected":false},"excerpt":{"rendered":"","protected":false},"author":3,"featured_media":1459,"comment_status":"open","ping_status":"open","sticky":false,"template":"","format":"standard","meta":{"footnotes":""},"categories":[1],"tags":[],"_links":{"self":[{"href":"https:\/\/www.lapetita.com\/blog\/wp-json\/wp\/v2\/posts\/1460"}],"collection":[{"href":"https:\/\/www.lapetita.com\/blog\/wp-json\/wp\/v2\/posts"}],"about":[{"href":"https:\/\/www.lapetita.com\/blog\/wp-json\/wp\/v2\/types\/post"}],"author":[{"embeddable":true,"href":"https:\/\/www.lapetita.com\/blog\/wp-json\/wp\/v2\/users\/3"}],"replies":[{"embeddable":true,"href":"https:\/\/www.lapetita.com\/blog\/wp-json\/wp\/v2\/comments?post=1460"}],"version-history":[{"count":0,"href":"https:\/\/www.lapetita.com\/blog\/wp-json\/wp\/v2\/posts\/1460\/revisions"}],"wp:featuredmedia":[{"embeddable":true,"href":"https:\/\/www.lapetita.com\/blog\/wp-json\/wp\/v2\/media\/1459"}],"wp:attachment":[{"href":"https:\/\/www.lapetita.com\/blog\/wp-json\/wp\/v2\/media?parent=1460"}],"wp:term":[{"taxonomy":"category","embeddable":true,"href":"https:\/\/www.lapetita.com\/blog\/wp-json\/wp\/v2\/categories?post=1460"},{"taxonomy":"post_tag","embeddable":true,"href":"https:\/\/www.lapetita.com\/blog\/wp-json\/wp\/v2\/tags?post=1460"}],"curies":[{"name":"wp","href":"https:\/\/api.w.org\/{rel}","templated":true}]}}