{"id":1610,"date":"2017-05-31T16:11:20","date_gmt":"2017-05-31T16:11:20","guid":{"rendered":"http:\/\/elblogdelapetita.com\/?p=1610"},"modified":"2017-05-31T16:11:20","modified_gmt":"2017-05-31T16:11:20","slug":"agenda-del-mes-de-juny-a-la-petita","status":"publish","type":"post","link":"https:\/\/www.lapetita.com\/blog\/agenda-del-mes-de-juny-a-la-petita\/","title":{"rendered":"Agenda del mes de juny a La Petita!"},"content":{"rendered":"<p><strong><img loading=\"lazy\" decoding=\"async\" src=\"https:\/\/gallery.mailchimp.com\/91b695bd2cfd0b2378c5b6090\/images\/aec9edc2-a762-4ce6-b95d-b659e09541b0.jpg\" width=\"200\" height=\"112\" align=\"left\" \/><\/strong><\/p>\n<div>\n<p><strong>DIVENDRES 2\/6, 19:00 h<br \/>\nCICLE \u00c0LBUM IL\u00b7LUSTRAT: LA PETITA IL\u00b7LUSTRADA<\/strong><br \/>\n<strong>L&#8217;HUMOR A L&#8217;\u00c0LBUM: CONTES PER PETAR-SE DE RIURE <\/strong><br \/>\nA la darrera sessi\u00f3 del cicle, l&#8217;Anna Juan ens parlar\u00e0 d&#8217;un dels aspectes recurrents de la literatura infantil, les hist\u00f2ries que apel\u00b7len a l&#8217;humor. A trav\u00e9s d&#8217;un passeig per molts \u00e0lbums descobrirem els diferents mecanismes que utilitzen autors i il\u00b7lustradors per desbocar el riure dels nens (&#8230;i dibuixar el somriure en els grans).<br \/>\n<strong>On: <\/strong>\u00a0\u00a0\u00a0 EDIFICI LA JUANITA (c\/Pons i Sobir\u00e0, 3)<br \/>\n<strong>Preu:<\/strong>\u00a0 8\u20ac \/sessi\u00f3 (subjecte a disponibilitat de places)<br \/>\nPer m\u00e9s informaci\u00f3 i reserves clica <a href=\"mailto:info@lapetita.com?subject=Divendres%202%20de%20juny%2019.00h.%20Cicle%20Petita%20Il%C2%B7lustrada\" target=\"_blank\" rel=\"noopener noreferrer\">aqu\u00ed<\/a><br \/>\n<strong><em>Per veure tota la programaci\u00f3 del cicle clica <a href=\"https:\/\/elblogdelapetita.com\/cicle-la-petita-il%e2%80%a2lustrada\/\" target=\"_blank\" rel=\"noopener noreferrer\">aqu\u00ed<\/a><\/em><\/strong><\/p>\n<p>&nbsp;<\/p>\n<\/div>\n<p>&nbsp;<\/p>\n<p><strong><img loading=\"lazy\" decoding=\"async\" src=\"https:\/\/gallery.mailchimp.com\/91b695bd2cfd0b2378c5b6090\/images\/ebf05bae-5f42-4af0-af80-18c1275689e6.jpg\" width=\"170\" height=\"95\" align=\"right\" \/>DIMECRES<\/strong><strong> 7\/6, 17:30 h<\/strong><br \/>\n<strong>&#8212; CONTACONTES per a nens de <\/strong><strong>3 a 6 anys<\/strong><strong> &#8212;<\/strong><br \/>\nSessi\u00f3 de contacontes amb la <strong>Mariona Trenchs<\/strong>.<br \/>\nPlaces limitades<br \/>\n<strong>On: <\/strong>\u00a0 LLIBRERIA LA PETITA (c\/Mari\u00e0 Aguil\u00f3, 115)<br \/>\n<strong>Preu:<\/strong>\u00a0 5 \u20ac per nen\/1 sessi\u00f3 (subjecte a disponibilitat de places)<br \/>\nPer m\u00e9s informaci\u00f3 i <strong>reserves<\/strong> clica<strong> <a href=\"mailto:info@lapetita.com?subject=Reserva%20Contacontes%20Mariona%20DIMECRES%207%20de%20JUNY%2C%2017.30h\" target=\"_blank\" rel=\"noopener noreferrer\">aqu\u00ed<\/a><\/strong><\/p>\n<p>&nbsp;<\/p>\n<div><\/div>\n<div>\n<div>\n<p><strong><img loading=\"lazy\" decoding=\"async\" src=\"https:\/\/gallery.mailchimp.com\/91b695bd2cfd0b2378c5b6090\/images\/3a2df98f-074f-4614-939e-596443a98ba7.png\" width=\"190\" height=\"103\" align=\"left\" \/>DIJOUS 8\/6, 17:30 h<\/strong><br \/>\n<strong>&#8212; CONTACONTES per a nens d&#8217;<\/strong><strong>1 a 3 anys<\/strong><br \/>\nSessi\u00f3 de contacontes amb la <strong>Mariona Trenchs<\/strong>.<br \/>\nPlaces limitades<br \/>\n<strong>On: <\/strong>\u00a0 LLIBRERIA LA PETITA (c\/Mari\u00e0 Aguil\u00f3, 115)<br \/>\n<strong>Preu:<\/strong>\u00a0 5 \u20ac per nen\/1 sessi\u00f3 (subjecte a disponibilitat de places)<br \/>\nPer m\u00e9s informaci\u00f3 i <strong>reserves<\/strong> clica <a href=\"mailto:info@lapetita.com?subject=Reserva%20Contacontes%20Mariona%20DIJOUS%208%20DE%20JUNY%2C%2017.30h\" target=\"_blank\" rel=\"noopener noreferrer\">aqu\u00ed<\/a><\/p>\n<p>&nbsp;<\/p>\n<p>&nbsp;<\/p>\n<\/div>\n<p><strong><img loading=\"lazy\" decoding=\"async\" src=\"https:\/\/gallery.mailchimp.com\/91b695bd2cfd0b2378c5b6090\/images\/1c85132c-9033-470c-9a75-a7e6bdfaae3c.jpg\" width=\"115\" height=\"162\" align=\"right\" \/>\u00a0\u00a0\u00a0\u00a0\u00a0\u00a0\u00a0\u00a0\u00a0\u00a0\u00a0\u00a0\u00a0\u00a0 <\/strong><strong>DISSABTE 10\/6, 18:00 h<\/strong><br \/>\n<strong>&#8212; CONTACONTES per a nens a partir de 3 anys &#8212;<\/strong><br \/>\nLa Camila \u00e9s una nena amb moltes ganes d&#8217;aprendre. Un dia el seu pare li va regalar una bola del m\u00f3n perqu\u00e8 aprengu\u00e9s tot el que volgu\u00e9s de la Terra. Quan se la va aprendre de mem\u00f2ria, el seu pare decid\u00ed que era el moment de fer un viatge per l&#8217;espai&#8230; Veniu a gaudir d&#8217;un contacontes especial de la m\u00e0 d&#8217;en <strong>Tomeu Sim\u00f3 Mesquida<\/strong> i la <strong>Maria Padilla Climent<\/strong>, autor i il\u00b7lustradora del conte <a href=\"https:\/\/gallery.mailchimp.com\/91b695bd2cfd0b2378c5b6090\/_compresseds\/ae2f2fa3-b09e-4f0c-87b4-37348d7510d1.jpg\" target=\"_blank\" rel=\"noopener noreferrer\"><strong>Intererstel\u00b7lania<\/strong><\/a>, d&#8217;<a href=\"http:\/\/www.espelmaedicions.com\/\" target=\"_blank\" rel=\"noopener noreferrer\"><strong>Espelma Edicions<\/strong><\/a>.<br \/>\nPlaces limitades<br \/>\n<strong>On: <\/strong>\u00a0 LLIBRERIA LA PETITA (c\/Mari\u00e0 Aguil\u00f3, 115)<br \/>\n<strong>Preu:<\/strong>\u00a0 <strong>GRATU\u00cfT<\/strong> (subjecte a disponibilitat de places)<br \/>\nPer m\u00e9s informaci\u00f3 i <strong>reserves<\/strong> clica <a href=\"mailto:info@lapetita.com?subject=Reserva%20Contacontes%20INTERESTEL%C2%B7LANIA%20DISSABTE%2010%20DE%20MAIG%2C%2018.00h\" target=\"_blank\" rel=\"noopener noreferrer\">aqu\u00ed<\/a><\/p>\n<div><\/div>\n<div>\n<p><strong><img loading=\"lazy\" decoding=\"async\" src=\"https:\/\/gallery.mailchimp.com\/91b695bd2cfd0b2378c5b6090\/images\/2d701e0a-d91b-4be0-9d47-e65a9b0c2b25.jpg\" width=\"115\" height=\"159\" align=\"left\" \/>DISSABTE 10\/6, 18:00 h<\/strong><br \/>\n<strong>CICLE JUVENIL #NOCREIXEU!<\/strong><br \/>\n<strong>LES CR\u00d2NIQUES DE N\u00c0RNIA<\/strong><br \/>\nEns endinsarem en l&#8217;univers de <strong>C.S.Lewis<\/strong> per rec\u00f3rrer el pa\u00eds de N\u00e0rnia, terra de fantasia i m\u00e0gia poblada per animals que parlen i criatures mitol\u00f2giques, per reviure les aventures d&#8217;un m\u00f3n on la imaginaci\u00f3 no t\u00e9 l\u00edmit. Aquest cop, juntament amb l&#8217;<strong>Elisenda Roca<\/strong>, ens acompanyar\u00e0 en <strong>Miguel \u00c1ngel Rinc\u00f3n<\/strong>, llibreter, fil\u00f2leg i gran fan de la saga.<br \/>\n<strong>On: <\/strong>\u00a0 EDIFICI LA JUANITA (c\/Pons i Sobir\u00e0, 3)<br \/>\n<strong>Preu:<\/strong>\u00a0 8 \u20ac per sessi\u00f3 (subjecte a disponibilitat de places)<br \/>\nPer m\u00e9s informaci\u00f3 i <strong>reserves<\/strong> clica <a href=\"mailto:info@lapetita.com?subject=Cicle%20Juvenil%20%23Nocreixeu%20dissabte%2010%20de%20juny%2018.00h\" target=\"_blank\" rel=\"noopener noreferrer\">aqu\u00ed<\/a><br \/>\n<strong><em>Per veure tota la programaci\u00f3 del cicle clica <a href=\"https:\/\/elblogdelapetita.com\/cicle-juvenil-nocreixeu\/\" target=\"_blank\" rel=\"noopener noreferrer\">aqu\u00ed<\/a><\/em><\/strong><br \/>\nAmb la col\u00b7laboraci\u00f3 de:<br \/>\n<img loading=\"lazy\" decoding=\"async\" src=\"https:\/\/gallery.mailchimp.com\/91b695bd2cfd0b2378c5b6090\/images\/e7f8a248-7970-41fa-82a1-d58d02d8ff7a.jpg\" width=\"100\" height=\"52\" align=\"none\" \/><\/p>\n<div>\n<p>&nbsp;<\/p>\n<\/div>\n<p><strong><img loading=\"lazy\" decoding=\"async\" src=\"https:\/\/gallery.mailchimp.com\/91b695bd2cfd0b2378c5b6090\/images\/67dd3c4d-5c25-43e3-8a25-dab9b90bc954.jpg\" width=\"160\" height=\"120\" align=\"right\" \/>\u00a0\u00a0\u00a0\u00a0\u00a0\u00a0\u00a0\u00a0\u00a0\u00a0\u00a0\u00a0\u00a0\u00a0 <\/strong><strong>DIJOUS 29\/6, 18:00 h<\/strong><br \/>\n<strong>&#8212; TALLER DE TITELLES a partir de 3 anys &#8212;<\/strong><br \/>\nSi als teus petits els agrada pintar, els apassionen els treballs manuals i s&#8217;engresquen d&#8217;all\u00f2 m\u00e9s fent titelles no us podeu perdre el taller que ens oferiran la gent de l&#8217;editorial <a href=\"https:\/\/www.facebook.com\/cosmikes\" target=\"_blank\" rel=\"noopener noreferrer\"><strong>COSMIKES<\/strong><\/a>.<br \/>\nPlaces limitades<br \/>\n<strong>On: <\/strong>\u00a0 LLIBRERIA LA PETITA (c\/Mari\u00e0 Aguil\u00f3, 115)<br \/>\n<strong>Preu:<\/strong>\u00a0 <strong>GRATU\u00cfT<\/strong> (subjecte a disponibilitat de places)<br \/>\nPer m\u00e9s informaci\u00f3 i <strong>reserves<\/strong> clica <a href=\"mailto:info@lapetita.com?subject=Reserva%20TALLER%20DE%20TITELLES%20DIJOUS%2029%20DE%20JUNY%2C%2018.00h\" target=\"_blank\" rel=\"noopener noreferrer\">aqu\u00ed<\/a><br \/>\n<strong>I RECORDEU QUE EL DISSABTE 17 DE JUNY LA M\u00daSICA TORNAR\u00c0 A REC\u00d3RRER ELS CARRERS I ESTABLIMENTS DE POBLENOU<\/strong><br \/>\n<a href=\"https:\/\/www.facebook.com\/inauditbarcelona\" target=\"_blank\" rel=\"noopener noreferrer\"><img loading=\"lazy\" decoding=\"async\" class=\" aligncenter\" src=\"https:\/\/gallery.mailchimp.com\/91b695bd2cfd0b2378c5b6090\/images\/cab7129d-dcef-4015-b7ae-5b0530badfaf.jpg\" width=\"300\" height=\"111\" \/><\/a><\/p>\n<p><img loading=\"lazy\" decoding=\"async\" class=\"alignnone  wp-image-1916\" src=\"https:\/\/elblogdelapetita.files.wordpress.com\/2018\/04\/logo-ajuntament3.png\" alt=\"logo-ajuntament\" width=\"208\" height=\"89\" \/><\/p>\n<\/div>\n<\/div>\n","protected":false},"excerpt":{"rendered":"<p>DIVENDRES 2\/6, 19:00 h CICLE \u00c0LBUM IL\u00b7LUSTRAT: LA PETITA IL\u00b7LUSTRADA L&#8217;HUMOR A L&#8217;\u00c0LBUM: CONTES PER PETAR-SE DE RIURE A la darrera sessi\u00f3 del cicle, l&#8217;Anna Juan ens parlar\u00e0 d&#8217;un dels aspectes recurrents de la literatura infantil, les hist\u00f2ries que apel\u00b7len a l&#8217;humor. A trav\u00e9s d&#8217;un passeig per molts \u00e0lbums descobrirem els diferents mecanismes que utilitzen [&hellip;]<\/p>\n","protected":false},"author":3,"featured_media":0,"comment_status":"open","ping_status":"open","sticky":false,"template":"","format":"standard","meta":{"footnotes":""},"categories":[1],"tags":[],"_links":{"self":[{"href":"https:\/\/www.lapetita.com\/blog\/wp-json\/wp\/v2\/posts\/1610"}],"collection":[{"href":"https:\/\/www.lapetita.com\/blog\/wp-json\/wp\/v2\/posts"}],"about":[{"href":"https:\/\/www.lapetita.com\/blog\/wp-json\/wp\/v2\/types\/post"}],"author":[{"embeddable":true,"href":"https:\/\/www.lapetita.com\/blog\/wp-json\/wp\/v2\/users\/3"}],"replies":[{"embeddable":true,"href":"https:\/\/www.lapetita.com\/blog\/wp-json\/wp\/v2\/comments?post=1610"}],"version-history":[{"count":0,"href":"https:\/\/www.lapetita.com\/blog\/wp-json\/wp\/v2\/posts\/1610\/revisions"}],"wp:attachment":[{"href":"https:\/\/www.lapetita.com\/blog\/wp-json\/wp\/v2\/media?parent=1610"}],"wp:term":[{"taxonomy":"category","embeddable":true,"href":"https:\/\/www.lapetita.com\/blog\/wp-json\/wp\/v2\/categories?post=1610"},{"taxonomy":"post_tag","embeddable":true,"href":"https:\/\/www.lapetita.com\/blog\/wp-json\/wp\/v2\/tags?post=1610"}],"curies":[{"name":"wp","href":"https:\/\/api.w.org\/{rel}","templated":true}]}}