{"id":166,"date":"2013-10-26T09:18:08","date_gmt":"2013-10-26T09:18:08","guid":{"rendered":"http:\/\/elblogdelapetita.com\/?p=166"},"modified":"2013-10-26T09:18:08","modified_gmt":"2013-10-26T09:18:08","slug":"el-arte-desarma-tu-cabeza-la-presentacion-de-petit-poblenou","status":"publish","type":"post","link":"https:\/\/www.lapetita.com\/blog\/el-arte-desarma-tu-cabeza-la-presentacion-de-petit-poblenou\/","title":{"rendered":"El arte desarma tu cabeza, la presentaci\u00f3n de Petit Poblenou"},"content":{"rendered":"<p><a title=\"El arte desarma tu cabeza, la presentaci\u00f3n de Petit Poblenou\" href=\"http:\/\/youtu.be\/O6iOTQWuD7c\">El arte desarma tu cabeza, la presentaci\u00f3n de Petit Poblenou<\/a><\/p>\n<p>Despu\u00e9s de mucho tiempo, por fin podemos lanzar a la red dos cosas que nos hacen much\u00edsima ilusi\u00f3n. Y las dos a la vez. El v\u00eddeo de la presentaci\u00f3n de Petit Poblenou -espectacular-, que realizamos el 5 de octubre con la colaboraci\u00f3n de m\u00e1s de una veintena de ilustradores, y nuestro blog.<\/p>\n<p>Desde hoy, contamos con un nuevo canal para comunicarnos con vosotros. Todav\u00eda tiene cosas que mejorar y tendremos que empezar a colgar contenidos diferentes de los que ya ten\u00edamos en FCB, pero ya est\u00e1 aqu\u00ed.<\/p>\n<p>\u00a1Pinchad el enlace -arriba, en rojo- y disfrutad del v\u00eddeo!<\/p>\n","protected":false},"excerpt":{"rendered":"<p>El arte desarma tu cabeza, la presentaci\u00f3n de Petit Poblenou Despu\u00e9s de mucho tiempo, por fin podemos lanzar a la red dos cosas que nos hacen much\u00edsima ilusi\u00f3n. Y las dos a la vez. El v\u00eddeo de la presentaci\u00f3n de Petit Poblenou -espectacular-, que realizamos el 5 de octubre con la colaboraci\u00f3n de m\u00e1s de [&hellip;]<\/p>\n","protected":false},"author":3,"featured_media":0,"comment_status":"open","ping_status":"open","sticky":false,"template":"","format":"link","meta":{"footnotes":""},"categories":[29],"tags":[157,204],"_links":{"self":[{"href":"https:\/\/www.lapetita.com\/blog\/wp-json\/wp\/v2\/posts\/166"}],"collection":[{"href":"https:\/\/www.lapetita.com\/blog\/wp-json\/wp\/v2\/posts"}],"about":[{"href":"https:\/\/www.lapetita.com\/blog\/wp-json\/wp\/v2\/types\/post"}],"author":[{"embeddable":true,"href":"https:\/\/www.lapetita.com\/blog\/wp-json\/wp\/v2\/users\/3"}],"replies":[{"embeddable":true,"href":"https:\/\/www.lapetita.com\/blog\/wp-json\/wp\/v2\/comments?post=166"}],"version-history":[{"count":0,"href":"https:\/\/www.lapetita.com\/blog\/wp-json\/wp\/v2\/posts\/166\/revisions"}],"wp:attachment":[{"href":"https:\/\/www.lapetita.com\/blog\/wp-json\/wp\/v2\/media?parent=166"}],"wp:term":[{"taxonomy":"category","embeddable":true,"href":"https:\/\/www.lapetita.com\/blog\/wp-json\/wp\/v2\/categories?post=166"},{"taxonomy":"post_tag","embeddable":true,"href":"https:\/\/www.lapetita.com\/blog\/wp-json\/wp\/v2\/tags?post=166"}],"curies":[{"name":"wp","href":"https:\/\/api.w.org\/{rel}","templated":true}]}}