{"id":1696,"date":"2017-07-14T18:32:11","date_gmt":"2017-07-14T18:32:11","guid":{"rendered":"http:\/\/elblogdelapetita.com\/?p=1696"},"modified":"2017-07-14T18:32:11","modified_gmt":"2017-07-14T18:32:11","slug":"apuntat-als-nous-cicles-de-la-petita","status":"publish","type":"post","link":"https:\/\/www.lapetita.com\/blog\/apuntat-als-nous-cicles-de-la-petita\/","title":{"rendered":"Apunta&#8217;t als nous cicles de La Petita"},"content":{"rendered":"<p>Hem necessitat deixar passar un parell d&#8217;onades de calor i mig estiu per llan\u00e7ar el termini d&#8217;inscripci\u00f3 als cicles de contacontes i les sessions de la Petita il\u00b7lustrada del curs que ve. Per\u00f2 ja estan aqu\u00ed. Vol\u00edem que aquesta newsletter us enxamp\u00e9s relaxats. Perqu\u00e8 arriba amb moltes novetats.<br \/>\n<img loading=\"lazy\" decoding=\"async\" class=\"  wp-image-1728 aligncenter\" src=\"https:\/\/www.lapetita.com\/es\/blog\/wp-content\/uploads\/2017\/07\/anna-con-libro.jpg\" alt=\"anna con libro\" width=\"368\" height=\"207\" \/><\/p>\n<p style=\"text-align:center;\"><span style=\"color:#cc99ff;\"><strong>Cicles de Contacontes, d&#8217;1 a 3 anys i de 3 a 6<\/strong><\/span><\/p>\n<p style=\"text-align:left;\">La principal novetat es deu a la marxa de <span style=\"color:#cc99ff;\"><strong>Mariona Trenchs<\/strong><\/span>, qui ha estat la nostra narradora en tantes tardes m\u00e0giques els \u00faltims tres anys i a qui desitgem des d&#8217;aqu\u00ed tota la sort del m\u00f3n en la seva nova etapa menorquina. La seva marxa ens va entristir una mica, per\u00f2 tamb\u00e9 ens ha obert la porta a noves troballes extraordin\u00e0ries, noves narradores que s&#8217;encarregaran de crear mons propis al voltant de la millor selecci\u00f3 d&#8217;\u00e0lbums il\u00b7lustrats per als nostres cicles mensuals.<\/p>\n<p style=\"text-align:center;\"><span style=\"color:#cc99ff;\"><strong>Cicle 1 a 3<\/strong><\/span><\/p>\n<p><img loading=\"lazy\" decoding=\"async\" class=\"  wp-image-1634 aligncenter\" src=\"https:\/\/elblogdelapetita.files.wordpress.com\/2017\/07\/patricia-mcgill.jpg\" alt=\"patricia Mcgill\" width=\"290\" height=\"194\" \/><\/p>\n<p style=\"text-align:left;\">Per a les sessions d&#8217;1 a 3 anys, hem confiat en una de les contacontes que m\u00e9s ens ha impressionat fins al moment al seu pas per la Petita. Es tracta de la <strong><span style=\"color:#cc99ff;\">Patricia Mc Gill<\/span>,<\/strong> narradora, rodam\u00f3n i actriu multidisciplin\u00e0ria amb anys d&#8217;experi\u00e8ncia com a artista de la paraula, el gest i la narraci\u00f3 infantil. Estem segurs que els m\u00e9s petits s&#8217;enamoraran d&#8217;ella al primer conte.<\/p>\n<p style=\"text-align:center;\"><span style=\"color:#cc99ff;\"><strong style=\"text-align:center;\">Cicle 3 a 6<\/strong><\/span><\/p>\n<p><img loading=\"lazy\" decoding=\"async\" class=\"  wp-image-1689 aligncenter\" src=\"https:\/\/elblogdelapetita.files.wordpress.com\/2017\/07\/dani-alvarez-rodamon-6601.jpg\" alt=\"dani-alvarez-rodamon-660\" width=\"288\" height=\"193\" \/><\/p>\n<p style=\"text-align:left;\">Per a les sessions de 3 a 6 anys, comptem amb una altra estupenda actriu, pedagoga i narradora. Es tracta de l&#8217;<span style=\"color:#cc99ff;\"><strong>Alba Jos\u00e9<\/strong><\/span>. Als qui vau tenir ocasi\u00f3 d&#8217;acompanyar-nos en la primera sessi\u00f3 del <span style=\"color:#cc99ff;\"><strong>Rodacontes<\/strong>\u00ae<\/span>, poc podem explicar-vos. S\u00ed, ser\u00e0 ella, aquesta senyora enfadada que cantava, actuava i no callava dalt de l&#8217;autob\u00fas.<\/p>\n<p>Pels qui no vau poder assistir, es tracta d&#8217;una jove actriu i docent amb experi\u00e8ncia tant al cinema com en el teatre -en la seva \u00faltima posada en escena va protagonitzar Yerma de Lorca, amb grans lloances per part de la cr\u00edtica-, com en la realitzaci\u00f3 de sessions de contacontes infantils. Us encantar\u00e0.<\/p>\n<p style=\"text-align:left;\"><strong>El termini d&#8217;inscripci\u00f3 per a tots dos cicles ja est\u00e0 obert. Les condicions i el calendari podeu consultar-los <a href=\"http:\/\/wp.me\/P3Gsni-js\" target=\"_blank\" rel=\"noopener noreferrer\">aqu\u00ed<\/a>\u00a0i <a href=\"http:\/\/wp.me\/P3Gsni-qb\" target=\"_blank\" rel=\"noopener noreferrer\">aqu\u00ed <\/a>. En el cas dels contacontes de 3 a 6 anys, de moment hem tancat solament el primer trimestre, per\u00f2 seran vuit sessions anuals.<\/strong><\/p>\n<p style=\"text-align:center;\"><span style=\"color:#cc99ff;\"><strong>Cicle La Petita il\u00b7lustrada, amb l&#8217;Anna Juan Cantavella<\/strong><\/span><\/p>\n<p style=\"text-align:center;\"><img loading=\"lazy\" decoding=\"async\" class=\"alignnone  wp-image-1628\" src=\"https:\/\/elblogdelapetita.files.wordpress.com\/2016\/09\/img_20170113_190916909.jpg\" alt=\"IMG_20170113_190916909\" width=\"289\" height=\"163\" \/><\/p>\n<p>El cicle de l&#8217;any passat sobre l&#8217;\u00e0lbum il\u00b7lustrat va significar molt per a La Petita. Es tractava de la nostra primera aposta important per dedicar un cicle no ja als nens, amb els qui sabem que tenim bona part del terreny guanyat, sin\u00f3 als adults interessats a con\u00e8ixer i aprendre m\u00e9s sobre aquest artefacte literari, est\u00e8tic, l\u00fadic i art\u00edstic que \u00e9s l&#8217;\u00e0lbum il\u00b7lustrat.<\/p>\n<p><img loading=\"lazy\" decoding=\"async\" class=\"  wp-image-1712 aligncenter\" src=\"https:\/\/www.lapetita.com\/es\/blog\/wp-content\/uploads\/2017\/07\/img_20170113_192001524.jpg\" alt=\"IMG_20170113_192001524\" width=\"290\" height=\"163\" srcset=\"https:\/\/www.lapetita.com\/blog\/wp-content\/uploads\/2017\/07\/img_20170113_192001524.jpg 2560w, https:\/\/www.lapetita.com\/blog\/wp-content\/uploads\/2017\/07\/img_20170113_192001524-300x169.jpg 300w, https:\/\/www.lapetita.com\/blog\/wp-content\/uploads\/2017\/07\/img_20170113_192001524-1024x576.jpg 1024w, https:\/\/www.lapetita.com\/blog\/wp-content\/uploads\/2017\/07\/img_20170113_192001524-768x432.jpg 768w, https:\/\/www.lapetita.com\/blog\/wp-content\/uploads\/2017\/07\/img_20170113_192001524-1536x864.jpg 1536w, https:\/\/www.lapetita.com\/blog\/wp-content\/uploads\/2017\/07\/img_20170113_192001524-2048x1152.jpg 2048w\" sizes=\"(max-width: 290px) 100vw, 290px\" \/><br \/>\nI el resultat no va poder ser m\u00e9s positiu. Tant que repetim, \u00e9s clar, amb nous temes i continguts. Us deixem la presentaci\u00f3 que fa la mateixa Anna Juan d&#8217;aquest <strong>cicle dedicat a aficionats, educadors i professionals del llibre<\/strong>:<\/p>\n<p><em>\u201cL&#8217;\u00e0lbum, que originalment va n\u00e9ixer com un format destinat als m\u00e9s petits, \u00e9s en l&#8217;actualitat un dels suports m\u00e9s experimentals\u00a0<\/em><em>del panorama de la literatura infantil. La hibridaci\u00f3, l&#8217;heterogene\u00eftat i la variabilitat s\u00f3n trets que caracteritzen la seva producci\u00f3. Aquest cicle pret\u00e9n introduir els assistents al m\u00f3n dels \u00e0lbums, un m\u00f3n de textures fetes de paraules i imatges que creuen significat en el sinus de la doble p\u00e0gina i on -en els millors dels casos- la materialitat de l&#8217;objecte llibre tamb\u00e9 participa en la creaci\u00f3 de sentit. Al llarg de les sessions, i a trav\u00e9s d&#8217;\u00e0lbums molt diversos, anirem explorant la producci\u00f3 actual i la m\u00e9s cl\u00e0ssica, per comprendre algunes de les seves formes de funcionar\u201d<\/em>.<\/p>\n<p><strong>Us apunteu? Per veure condicions i calendari, podeu clicar <a href=\"http:\/\/wp.me\/P3Gsni-in\" target=\"_blank\" rel=\"noopener noreferrer\">aqu\u00ed<\/a>\u00a0<\/strong><\/p>\n<p style=\"text-align:justify;\"><img loading=\"lazy\" decoding=\"async\" class=\"alignnone  wp-image-1916\" src=\"https:\/\/elblogdelapetita.files.wordpress.com\/2018\/04\/logo-ajuntament3.png\" alt=\"logo-ajuntament\" width=\"205\" height=\"102\" \/><\/p>\n","protected":false},"excerpt":{"rendered":"<p>Hem necessitat deixar passar un parell d&#8217;onades de calor i mig estiu per llan\u00e7ar el termini d&#8217;inscripci\u00f3 als cicles de contacontes i les sessions de la Petita il\u00b7lustrada del curs que ve. Per\u00f2 ja estan aqu\u00ed. Vol\u00edem que aquesta newsletter us enxamp\u00e9s relaxats. Perqu\u00e8 arriba amb moltes novetats. Cicles de Contacontes, d&#8217;1 a 3 anys [&hellip;]<\/p>\n","protected":false},"author":2,"featured_media":0,"comment_status":"open","ping_status":"open","sticky":false,"template":"","format":"standard","meta":{"footnotes":""},"categories":[6,12,43,52,1],"tags":[],"_links":{"self":[{"href":"https:\/\/www.lapetita.com\/blog\/wp-json\/wp\/v2\/posts\/1696"}],"collection":[{"href":"https:\/\/www.lapetita.com\/blog\/wp-json\/wp\/v2\/posts"}],"about":[{"href":"https:\/\/www.lapetita.com\/blog\/wp-json\/wp\/v2\/types\/post"}],"author":[{"embeddable":true,"href":"https:\/\/www.lapetita.com\/blog\/wp-json\/wp\/v2\/users\/2"}],"replies":[{"embeddable":true,"href":"https:\/\/www.lapetita.com\/blog\/wp-json\/wp\/v2\/comments?post=1696"}],"version-history":[{"count":0,"href":"https:\/\/www.lapetita.com\/blog\/wp-json\/wp\/v2\/posts\/1696\/revisions"}],"wp:attachment":[{"href":"https:\/\/www.lapetita.com\/blog\/wp-json\/wp\/v2\/media?parent=1696"}],"wp:term":[{"taxonomy":"category","embeddable":true,"href":"https:\/\/www.lapetita.com\/blog\/wp-json\/wp\/v2\/categories?post=1696"},{"taxonomy":"post_tag","embeddable":true,"href":"https:\/\/www.lapetita.com\/blog\/wp-json\/wp\/v2\/tags?post=1696"}],"curies":[{"name":"wp","href":"https:\/\/api.w.org\/{rel}","templated":true}]}}