{"id":1877,"date":"2018-01-24T15:18:39","date_gmt":"2018-01-24T15:18:39","guid":{"rendered":"http:\/\/elblogdelapetita.com\/?p=1877"},"modified":"2018-01-24T15:18:39","modified_gmt":"2018-01-24T15:18:39","slug":"recomanacions-de-gener","status":"publish","type":"post","link":"https:\/\/www.lapetita.com\/blog\/recomanacions-de-gener\/","title":{"rendered":"Recomanacions de Gener"},"content":{"rendered":"<p style=\"text-align:justify;\">Arranquem l&#8217;any al blog de la Petita amb tres recomanacions: \u00abTelmo i Joyce\u00bb, \u00abL&#8217;enigma de Vilagallina\u00bb i \u00abAnatomia\u00bb. Esperem que us agradin!<\/p>\n<p style=\"text-align:justify;\"><img loading=\"lazy\" decoding=\"async\" class=\"  wp-image-1878 aligncenter\" src=\"https:\/\/www.lapetita.com\/es\/blog\/wp-content\/uploads\/2018\/01\/gener_1.jpg?w=1024\" alt=\"GENER_1\" width=\"424\" height=\"283\" \/><\/p>\n<p style=\"text-align:justify;\"><strong>Telmo i Joyce<\/strong><br \/>\nAquest \u00e0lbum ens presenta tres hist\u00f2ries diferents en format c\u00f2mic sobre les idees esbojarrades d\u2019en Telmo i com en Joyce, el seu gos, intenta dissuadir-lo sense \u00e8xit.<br \/>\nS\u00f3n tres hist\u00f2ries amb tem\u00e0tiques molt diferents, la primera es titula \u201cVull volar\u201d, la seg\u00fcent \u201cUn dia a la platja\u201d i\u00a0l\u2019\u00faltima \u201cNo puc dormir\u201d.<br \/>\n<img loading=\"lazy\" decoding=\"async\" class=\"  wp-image-1879 aligncenter\" src=\"https:\/\/www.lapetita.com\/es\/blog\/wp-content\/uploads\/2018\/01\/gener_2.jpg?w=1024\" alt=\"GENER_2\" width=\"424\" height=\"293\" \/><\/p>\n<p style=\"text-align:justify;\">En totes elles s\u00f3n la curiositat del nen per descobrir el m\u00f3n que l\u2019envolta i les ganes d\u2019aventura les que condueixen la trama.<\/p>\n<p style=\"text-align:justify;\">\n<p>L\u2019estil gr\u00e0fic de Mariana Ruiz Johnson on els colors s\u00f3n els protagonistes i el text senzill, amb un ritme r\u00e0pid i hist\u00f2ries senzilles per\u00f2 amb un punt esbojarrat, converteixen aquest c\u00f2mic en una lectura ideal per primers lectors.<\/p>\n<p style=\"text-align:justify;\"><strong>L\u2019enigma de Vilagallina<\/strong><br \/>\nVilagallina \u00e9s un poble on cadasc\u00fa t\u00e9 la seva pr\u00f2pia gallina i la tracten com un membre m\u00e9s de la fam\u00edlia. Tamb\u00e9 \u00e9s el poble on s&#8217;organitza el fam\u00f3s concurs \u00abLa Ploma Daurada\u00bb on es premia la millor gallina de l&#8217;any.<\/p>\n<p style=\"text-align:justify;\">El conflicte arriba el dia que de matinada, poc abans del concurs, desapareix la Matilde, la gallina de la senyora Plomatorta. Aquesta desaparici\u00f3 \u00e9s la primera d&#8217;una cadena de segrestos que portar\u00e0 de cap als vilatans de Vilagallina. Podran trobar la soluci\u00f3 a aquest misteri i celebrar el concurs amb normalitat?<\/p>\n<p><img loading=\"lazy\" decoding=\"async\" class=\"  wp-image-1881 aligncenter\" src=\"https:\/\/www.lapetita.com\/es\/blog\/wp-content\/uploads\/2018\/01\/gener_4.jpg\" alt=\"GENER_4\" width=\"430\" height=\"293\" \/><\/p>\n<p style=\"text-align:justify;\">Un \u00e0lbum d\u2019Albert Array\u00e0s en el que la hist\u00f2ria mant\u00e9 el suspens fins a l&#8217;\u00faltim moment i en el que les il\u00b7lustracions, amb el seu estil de l\u00ednies fines\u00a0i una gamma de colors caracter\u00edstica, deixen que el lector es perdi en els detalls i busqui les pistes per resoldre aquest enigma.<\/p>\n<p><b>Anatomia<\/b><\/p>\n<p style=\"text-align:justify;\">Anatomia \u00e9s un llibre de coneixements sobre el cos hum\u00e0 que us meravellar\u00e0 amb els\u00a0<span class=\"hiddenSpellError\">troquelats<\/span>\u00a0i les il\u00b7lustracions que inunden les seves p\u00e0gines.<br \/>\nEs tracta d&#8217;un \u00e0lbum de gran format\u00a0en el qual\u00a0el metge\u00a0<span class=\"hiddenSpellError\">Jean<\/span>&#8211;<span class=\"hiddenSpellError\">Claude<\/span>\u00a0<span class=\"hiddenSpellError\">Druvert<\/span>, amb textos breus i accessibles ens explica com funciona el nostre organisme.<\/p>\n<p style=\"text-align:justify;\"><img loading=\"lazy\" decoding=\"async\" class=\"  wp-image-1883 alignright\" src=\"https:\/\/www.lapetita.com\/es\/blog\/wp-content\/uploads\/2018\/01\/gener_6.jpg\" alt=\"GENER_6\" width=\"522\" height=\"361\" \/>A cada p\u00e0gina ens sorpr\u00e8n la superposici\u00f3 de solapes i els minuciosos\u00a0<span class=\"hiddenSpellError\">troquelats<\/span>\u00a0que fan que ens endinsem de ple a cada rac\u00f3 del cos hum\u00e0.<br \/>\nLa il\u00b7lustradora\u00a0<span class=\"hiddenSpellError\">H\u00e9l\u00e8ne<\/span>\u00a0<span class=\"hiddenSpellError\">Druvert<\/span>\u00a0recrea amb la seva il\u00b7lustraci\u00f3 sint\u00e8tica de colors plans, les taules anat\u00f2miques del segle XIX i representa els\u00a0\u00f2rgans, ossos, m\u00fasculs, vasos sanguinis&#8230;\u00a0perqu\u00e8\u00a0els descobrim i n&#8217;aprenguem el seu funcionament i curiositats.<\/p>\n","protected":false},"excerpt":{"rendered":"<p>Arranquem l&#8217;any al blog de la Petita amb tres recomanacions: \u00abTelmo i Joyce\u00bb, \u00abL&#8217;enigma de Vilagallina\u00bb i \u00abAnatomia\u00bb. Esperem que us agradin! Telmo i Joyce Aquest \u00e0lbum ens presenta tres hist\u00f2ries diferents en format c\u00f2mic sobre les idees esbojarrades d\u2019en Telmo i com en Joyce, el seu gos, intenta dissuadir-lo sense \u00e8xit. S\u00f3n tres hist\u00f2ries [&hellip;]<\/p>\n","protected":false},"author":4,"featured_media":1878,"comment_status":"open","ping_status":"open","sticky":false,"template":"","format":"standard","meta":{"footnotes":""},"categories":[6,36,70,100],"tags":[151],"_links":{"self":[{"href":"https:\/\/www.lapetita.com\/blog\/wp-json\/wp\/v2\/posts\/1877"}],"collection":[{"href":"https:\/\/www.lapetita.com\/blog\/wp-json\/wp\/v2\/posts"}],"about":[{"href":"https:\/\/www.lapetita.com\/blog\/wp-json\/wp\/v2\/types\/post"}],"author":[{"embeddable":true,"href":"https:\/\/www.lapetita.com\/blog\/wp-json\/wp\/v2\/users\/4"}],"replies":[{"embeddable":true,"href":"https:\/\/www.lapetita.com\/blog\/wp-json\/wp\/v2\/comments?post=1877"}],"version-history":[{"count":0,"href":"https:\/\/www.lapetita.com\/blog\/wp-json\/wp\/v2\/posts\/1877\/revisions"}],"wp:featuredmedia":[{"embeddable":true,"href":"https:\/\/www.lapetita.com\/blog\/wp-json\/wp\/v2\/media\/1878"}],"wp:attachment":[{"href":"https:\/\/www.lapetita.com\/blog\/wp-json\/wp\/v2\/media?parent=1877"}],"wp:term":[{"taxonomy":"category","embeddable":true,"href":"https:\/\/www.lapetita.com\/blog\/wp-json\/wp\/v2\/categories?post=1877"},{"taxonomy":"post_tag","embeddable":true,"href":"https:\/\/www.lapetita.com\/blog\/wp-json\/wp\/v2\/tags?post=1877"}],"curies":[{"name":"wp","href":"https:\/\/api.w.org\/{rel}","templated":true}]}}