{"id":1938,"date":"2018-04-16T08:53:41","date_gmt":"2018-04-16T08:53:41","guid":{"rendered":"http:\/\/elblogdelapetita.com\/?p=1938"},"modified":"2018-04-16T08:53:41","modified_gmt":"2018-04-16T08:53:41","slug":"recomanacions-de-sant-jordi-per-0-3-anys","status":"publish","type":"post","link":"https:\/\/www.lapetita.com\/blog\/recomanacions-de-sant-jordi-per-0-3-anys\/","title":{"rendered":"Recomanacions de Sant Jordi per 0-3 anys"},"content":{"rendered":"<p>Ens trobem en plena recta final per Sant Jordi, encetem les recomanacions amb els lectors m\u00e9s menuts, de zero a tres anys.<\/p>\n<p><img loading=\"lazy\" decoding=\"async\" class=\"alignnone size-full wp-image-1939\" src=\"https:\/\/www.lapetita.com\/es\/blog\/wp-content\/uploads\/2018\/04\/foto_1.jpg\" alt=\"foto_1\" width=\"3786\" height=\"2248\" \/><\/p>\n<p><b>Som-hi!<\/b><span style=\"font-weight:400;\">, <\/span><i><span style=\"font-weight:400;\">Ingela P. Arrhenius,<\/span><\/i><span style=\"font-weight:400;\"> Combel<\/span><\/p>\n<p>Tren, cotxe, metro, bicicleta&#8230;\u00a0Quants\u00a0transports! Aquest petit llibre pop-up us ajudar\u00e0 a descobrir els vehicles i m\u00e8todes de transport que ens s\u00f3n m\u00e9s coneguts i propers. Es tracta d&#8217;un\u00a0<span class=\"hiddenSpellError\">imatgiari<\/span>\u00a0en el que es juga amb l&#8217;efecte 3D que fan els encunys que surten del llibre per donar profunditat i perspectiva als transports.<\/p>\n<p><img loading=\"lazy\" decoding=\"async\" class=\"alignnone size-full wp-image-1940\" src=\"https:\/\/www.lapetita.com\/es\/blog\/wp-content\/uploads\/2018\/04\/foto_2.jpg\" alt=\"foto_2\" width=\"3493\" height=\"2195\" \/><br \/>\nLes il\u00b7lustracions, amb l&#8217;estil caracter\u00edstic d&#8217;<span class=\"hiddenSpellError\">Ingela<\/span>\u00a0P.\u00a0<span class=\"hiddenSpellError\">Arrhenius<\/span>\u00a0en el que destaca la seva utilitzaci\u00f3 dels colors plans, mostren en cada doble p\u00e0gina un vehicle en ple funcionament i els personatges que els utilitzen. Es tracta d&#8217;un llibre fort, resistent i amb una mida ideal\u00a0perqu\u00e8\u00a0el manipulin les mans m\u00e9s petites i que els ajudar\u00e0 a aprendre noves paraules.<\/p>\n<p><b>Dorm, mixeta, dorm!<\/b><span style=\"font-weight:400;\"> , <\/span><i><span style=\"font-weight:400;\">Antje Damm<\/span><\/i><span style=\"font-weight:400;\">, Takatuka<\/span><\/p>\n<p>Ei! Torna a tancar el llibre. Qu\u00e8 no ho veus, que dormo?<br \/>\nAquest petit llibre de\u00a0<span class=\"hiddenGreenError\">cartr\u00f3<\/span>, traspassa la quarta pantalla i parla directament al lector. Una gateta molt expressiva a la que no deixem dormir condueix la hist\u00f2ria i ens sorpr\u00e8n amb di\u00e0legs directes al lector que ens condueix a acabar el llibre i comen\u00e7ar-ne un altre per anar a dormir.<\/p>\n<p><img loading=\"lazy\" decoding=\"async\" class=\"alignnone size-full wp-image-1941\" src=\"https:\/\/www.lapetita.com\/es\/blog\/wp-content\/uploads\/2018\/04\/foto_3.jpg\" alt=\"foto_3\" width=\"3997\" height=\"2322\" \/><br \/>\n<span class=\"hiddenSpellError\">Antje<\/span>\u00a0Damm crea un conte on juga amb colors molt saturats i l\u00ednies gruixudes i aconsegueix una hist\u00f2ria ideal per treballar l&#8217;adquisici\u00f3 d&#8217;h\u00e0bits d&#8217;inici d&#8217;hora del conte i d&#8217;anar a dormir amb un punt d&#8217;humor. La gata protagonista, un personatge amb molt car\u00e0cter que ens far\u00e0 seguir la hist\u00f2ria, ens far\u00e0 la punyeta i ballar\u00e0 amb nosaltres fins a l&#8217;\u00faltima p\u00e0gina.<\/p>\n<p><b>Bon\u00edssim,<\/b><span style=\"font-weight:400;\"> Janik Coat, Bernard Duisit, Combel<\/span><\/p>\n<p>Dilluns l&#8217;hipop\u00f2tam menja a l&#8217;escola, dimarts l&#8217;ase menja crema de pastanaga, dimecres&#8230; Bon\u00edssim \u00e9s un\u00a0llibre-joc\u00a0que cada dia de la setmana ens ensenya un animal i qu\u00e8 \u00e9s el que menja. Mitjan\u00e7ant elements com pestanyes, solapes i lleng\u00fcetes, s&#8217;expliquen primers coneixements de manera visual, com els dies de la setmana, l&#8217;alimentaci\u00f3 i la higiene dental i es comen\u00e7a a incorporar la seq\u00fc\u00e8ncia narrativa en la lectura.<\/p>\n<p><img loading=\"lazy\" decoding=\"async\" class=\"alignnone size-full wp-image-1942\" src=\"https:\/\/www.lapetita.com\/es\/blog\/wp-content\/uploads\/2018\/04\/gif2.gif\" alt=\"GIF2.gif\" width=\"438\" height=\"283\" \/><br \/>\nL&#8217;aire vintage de les il\u00b7lustracions de Janik Coat, de taques de colors plans, els estampats, les tipografies i el\u00a0<span class=\"hiddenGreenError\">cartr\u00f3<\/span>\u00a0de les seves p\u00e0gines, contrasten amb les animacions que es creen al llibre amb el moviment de les lleng\u00fcetes i solapes. \u00c9s un llibre on descobrir sorpreses a cada p\u00e0gina mentre s&#8217;apr\u00e8n.<\/p>\n<p><b>Els meus dibuixos despr\u00e9s de la tempesta<\/b><span style=\"font-weight:400;\">, \u00c9ric Veill\u00e9, Harperkids<\/span><\/p>\n<p>Us heu preguntat mai qu\u00e8 els passa a les coses\u00a0despr\u00e9s que\u00a0un elefant hi passi per sobre? Com queda tot despr\u00e9s de la tempesta? I despr\u00e9s de la m\u00e0gia?<br \/>\nEn aquest\u00a0<span class=\"hiddenSpellError\">imatgiari<\/span>\u00a0descobrireu qu\u00e8 els passa als elements que apareixen a la p\u00e0gina de l&#8217;esquerra\u00a0despr\u00e9s que\u00a0hi passi algun fet, com una tempesta, la sortida de la piscina, despr\u00e9s de dinar o al patir la trepitjada d&#8217;un elefant.<\/p>\n<p><img loading=\"lazy\" decoding=\"async\" class=\"alignnone size-full wp-image-1943\" src=\"https:\/\/www.lapetita.com\/es\/blog\/wp-content\/uploads\/2018\/04\/foto_4.jpg\" alt=\"foto_4\" width=\"3061\" height=\"1788\" \/><br \/>\nAquest \u00e0lbum d&#8217;\u00c9ric Veill\u00e9, ple de jocs de paraules, rimes i bromes en el poc text que apareix, us far\u00e0 descobrir nous detalls en cada nova lectura.\u00a0Els colors fluors i saturats predominen en les il\u00b7lustracions que ens mostren objectes o personatges comuns en la vida di\u00e0ria d&#8217;un nen i ajuden als infants en l&#8217;adquisici\u00f3 de vocabulari i a recon\u00e8ixer millor tot all\u00f2 que els envolta.<\/p>\n<p>&nbsp;<\/p>\n","protected":false},"excerpt":{"rendered":"<p>Ens trobem en plena recta final per Sant Jordi, encetem les recomanacions amb els lectors m\u00e9s menuts, de zero a tres anys. Som-hi!, Ingela P. Arrhenius, Combel Tren, cotxe, metro, bicicleta&#8230;\u00a0Quants\u00a0transports! Aquest petit llibre pop-up us ajudar\u00e0 a descobrir els vehicles i m\u00e8todes de transport que ens s\u00f3n m\u00e9s coneguts i propers. Es tracta d&#8217;un\u00a0imatgiari\u00a0en [&hellip;]<\/p>\n","protected":false},"author":4,"featured_media":1939,"comment_status":"open","ping_status":"open","sticky":false,"template":"","format":"standard","meta":{"footnotes":""},"categories":[6,7,8,24,57,70,72,73,86,98,1,113],"tags":[157,173,226,306,325],"_links":{"self":[{"href":"https:\/\/www.lapetita.com\/blog\/wp-json\/wp\/v2\/posts\/1938"}],"collection":[{"href":"https:\/\/www.lapetita.com\/blog\/wp-json\/wp\/v2\/posts"}],"about":[{"href":"https:\/\/www.lapetita.com\/blog\/wp-json\/wp\/v2\/types\/post"}],"author":[{"embeddable":true,"href":"https:\/\/www.lapetita.com\/blog\/wp-json\/wp\/v2\/users\/4"}],"replies":[{"embeddable":true,"href":"https:\/\/www.lapetita.com\/blog\/wp-json\/wp\/v2\/comments?post=1938"}],"version-history":[{"count":0,"href":"https:\/\/www.lapetita.com\/blog\/wp-json\/wp\/v2\/posts\/1938\/revisions"}],"wp:featuredmedia":[{"embeddable":true,"href":"https:\/\/www.lapetita.com\/blog\/wp-json\/wp\/v2\/media\/1939"}],"wp:attachment":[{"href":"https:\/\/www.lapetita.com\/blog\/wp-json\/wp\/v2\/media?parent=1938"}],"wp:term":[{"taxonomy":"category","embeddable":true,"href":"https:\/\/www.lapetita.com\/blog\/wp-json\/wp\/v2\/categories?post=1938"},{"taxonomy":"post_tag","embeddable":true,"href":"https:\/\/www.lapetita.com\/blog\/wp-json\/wp\/v2\/tags?post=1938"}],"curies":[{"name":"wp","href":"https:\/\/api.w.org\/{rel}","templated":true}]}}