{"id":1946,"date":"2018-04-17T16:51:17","date_gmt":"2018-04-17T16:51:17","guid":{"rendered":"http:\/\/elblogdelapetita.com\/?p=1946"},"modified":"2018-04-17T16:51:17","modified_gmt":"2018-04-17T16:51:17","slug":"recomanacions-de-sant-jordi-per-3-6-anys","status":"publish","type":"post","link":"https:\/\/www.lapetita.com\/blog\/recomanacions-de-sant-jordi-per-3-6-anys\/","title":{"rendered":"Recomanacions de Sant Jordi per 3-6 anys"},"content":{"rendered":"<p>Seguim amb les recomanacions de cara a Sant Jordi amb hist\u00f2ries ideals per la franja d&#8217;edat de tres a sis anys.<\/p>\n<p><img loading=\"lazy\" decoding=\"async\" class=\"alignnone size-full wp-image-1953\" src=\"https:\/\/www.lapetita.com\/es\/blog\/wp-content\/uploads\/2018\/04\/foto2_1.jpg\" alt=\"FOTO2_1\" width=\"4128\" height=\"2322\" \/><\/p>\n<p><b>Gilda l\u2019ovella gegant<\/b><span style=\"font-weight:400;\">, <\/span><i><span style=\"font-weight:400;\">Emilio Urberuaga<\/span><\/i><span style=\"font-weight:400;\">, Nube Ocho<\/span><\/p>\n<p>La\u00a0<span class=\"hiddenSpellError\">Gilda<\/span>\u00a0\u00e9s una ovella gegant que viu amb una vintena de pastors que la munyen i esquilen cada dia i en v\u00e9nen la llet i la llana al mercat del poble. Tot es tor\u00e7a el dia en qu\u00e8 els pastors s&#8217;afarten de treballar. Es reuneixen secret durant la nit a casa seva per pensar qu\u00e8 poden fer&#8230;. i prenen una decisi\u00f3: trossejaran i vendran la carn de la\u00a0<span class=\"hiddenSpellError\">Gilda<\/span>\u00a0al mercat. L&#8217;ovella, que els escolta, surt corrent cames ajudeu-me. Corre i corre fins que arriba a la ciutat.<\/p>\n<p><img loading=\"lazy\" decoding=\"async\" class=\"alignnone size-full wp-image-1952\" src=\"https:\/\/www.lapetita.com\/es\/blog\/wp-content\/uploads\/2018\/04\/foto2_2.png\" alt=\"Foto2_2\" width=\"3394\" height=\"2272\" \/><br \/>\nA la ciutat, la\u00a0<span class=\"hiddenSpellError\">Gilda<\/span>\u00a0viur\u00e0 una pila d&#8217;aventures i intentar\u00e0 buscar una nova llar.<br \/>\n<span class=\"hiddenSpellError\">Gilda<\/span>, l&#8217;ovella gegant, \u00e9s un \u00e0lbum de format gran en el qual les expressives il\u00b7lustracions d&#8217;<span class=\"hiddenSpellError\">Emilio<\/span>\u00a0<span class=\"hiddenSpellError\">Urberuaga<\/span>, plenes de detalls i personatges per aturar-se a mirar, es combinen amb una bona hist\u00f2ria.<\/p>\n<p><b>Dolent<\/b><span style=\"font-weight:400;\">, <\/span><i><span style=\"font-weight:400;\">Lorenz Pauli, Kathrin Sch\u00e4re<\/span><\/i><span style=\"font-weight:400;\">r, Takaktuka<\/span><\/p>\n<p><span style=\"font-weight:400;\">Un grup d&#8217;animals de la granja intenta demostrar quin d&#8217;ells fa la malifeta m\u00e9s grossa. El gos es dedica a espantar el gall, la cabra es cruspeix totes les flors de l&#8217;hort, el porc Fa veure que s&#8217;ho ha menjat tot ell sol&#8230; Fins que el gat, es comen\u00e7a a mirar el ratol\u00ed amena\u00e7ant&#8230; Tots els animals es sorprenen, all\u00f2 \u00e9s m\u00e9s que ser dolent!<\/span><\/p>\n<p><span style=\"font-weight:400;\">\u00c9s llavors quan actua l&#8217;animal de qui menys s&#8217;esperaven una malifeta, el cavall trepitja el ratol\u00ed i fa fugir el gat. Qu\u00e8 ha passat amb el ratol\u00ed?<\/span><\/p>\n<p><img loading=\"lazy\" decoding=\"async\" class=\"alignnone size-full wp-image-1947\" src=\"https:\/\/www.lapetita.com\/es\/blog\/wp-content\/uploads\/2018\/04\/foto2_3.jpg\" alt=\"Foto2_3.jpg\" width=\"3477\" height=\"2171\" \/><\/p>\n<p><span class=\"hiddenSpellError\">Lorenz<\/span>\u00a0<span class=\"hiddenSpellError\">Pauli<\/span>\u00a0escriu una hist\u00f2ria que planteja quins s\u00f3n els l\u00edmits del b\u00e9 i del mal.\u00a0<span class=\"hiddenSpellError\">Kathrin<\/span>\u00a0<span class=\"hiddenSpellError\">Sch\u00e4rer<\/span>\u00a0crea uns personatges que mostren una gran expressivitat i ens transmeten tot all\u00f2 que els passa pel cap, fent-nos pensar&#8230; Qu\u00e8 est\u00e0 b\u00e9 i qu\u00e8 est\u00e0 malament?<\/p>\n<p><b>Atascado<\/b><span style=\"font-weight:400;\"> , <\/span><i><span style=\"font-weight:400;\">Shinsuke Yoshitake<\/span><\/i><span style=\"font-weight:400;\">, Barbara Fiore<\/span><\/p>\n<p>Arriba un moment\u00a0en qu\u00e8\u00a0els nens comencen a voler fer les coses ells sols. En aquest \u00e0lbum un nen que es vol despullar tot sol a l&#8217;hora del bany es queda embussat amb el jersei cap amunt els bra\u00e7os enlaire i sense poder-ne treure&#8217;n el cap.<\/p>\n<p><img loading=\"lazy\" decoding=\"async\" class=\"alignnone size-full wp-image-1948\" src=\"https:\/\/www.lapetita.com\/es\/blog\/wp-content\/uploads\/2018\/04\/foto2_4.jpg\" alt=\"Foto2_4\" width=\"2859\" height=\"1352\" \/><\/p>\n<p>El nen es comen\u00e7a a fer preguntes i imagina com ser\u00e0 la seva vida com a nen embussat. Com ho far\u00e0 si t\u00e9 set? I si el seu gat li fa pessigolles a la panxa? Hi haur\u00e0 altres nens embussats com ell?<br \/>\nBarbara Fiore ens porta\u00a0un \u00e0lbum de petit format on\u00a0<span class=\"hiddenSpellError\">Shinsuke<\/span>\u00a0<span class=\"hiddenSpellError\">Yoshitake<\/span>, amb un estil gr\u00e0fic que beu directament del manga infantil, ens explica la divertida hist\u00f2ria d&#8217;un nen preparant-se per l&#8217;hora del bany i fallant en l&#8217;intent. I \u00e9s que de vegades, per molt que creixem, continuem necessitant que ens ajudin.<\/p>\n<p><b>Molt adormit, molt despert<\/b><span style=\"font-weight:400;\">, <\/span><i><span style=\"font-weight:400;\">Susanne Stra\u00dfer,<\/span><\/i><span style=\"font-weight:400;\"> Editorial Joventut<\/span><\/p>\n<p>El llit \u00e9s ben ple, l&#8217;eri\u00e7\u00f3, la guineu, el ruc, el pelic\u00e0 i el cocodril estan ben adormits&#8230; O no. Un per un es van despertant i sortint del llit a fer alguna cosa fins que l&#8217;eri\u00e7\u00f3 es queda tot sol. S&#8217;aixeca i troba tots els animals fent cua per un pet\u00f3 de bona nit del nen i posant-se a dormir amb ell. El nen est\u00e0 aixafat per tots els animals quan, de sobte, UF! QUINA PUDOR! Alg\u00fa s&#8217;ha tirat un pet!<\/p>\n<p><img loading=\"lazy\" decoding=\"async\" class=\"alignnone size-full wp-image-1949\" src=\"https:\/\/www.lapetita.com\/es\/blog\/wp-content\/uploads\/2018\/04\/foto2_5.jpg\" alt=\"Foto2_5\" width=\"2898\" height=\"1322\" \/><\/p>\n<p>Aquest \u00e0lbum de\u00a0<span class=\"hiddenGreenError\">cartr\u00f3<\/span>, amb l&#8217;estil dol\u00e7 de\u00a0<span class=\"hiddenSpellError\">Susanne<\/span>\u00a0<span class=\"hiddenSpellError\">Stra\u00dfer<\/span>, \u00e9s perfecte per comen\u00e7ar a treballar la seq\u00fc\u00e8ncia narrativa amb els m\u00e9s petits pel seu ritme repetitiu. \u00c9s un bon conte per treballar l&#8217;h\u00e0bit d&#8217;anar a dormir i ajudar\u00e0 als infants a recon\u00e8ixer els animals que hi apareixen. La sorpresa escatol\u00f2gica final amb el pet, \u00e9s un final rod\u00f3 per un llibre per nens molt desperts, que han de quedar molt adormits.<\/p>\n","protected":false},"excerpt":{"rendered":"<p>Seguim amb les recomanacions de cara a Sant Jordi amb hist\u00f2ries ideals per la franja d&#8217;edat de tres a sis anys. Gilda l\u2019ovella gegant, Emilio Urberuaga, Nube Ocho La\u00a0Gilda\u00a0\u00e9s una ovella gegant que viu amb una vintena de pastors que la munyen i esquilen cada dia i en v\u00e9nen la llet i la llana al [&hellip;]<\/p>\n","protected":false},"author":4,"featured_media":1953,"comment_status":"open","ping_status":"open","sticky":false,"template":"","format":"standard","meta":{"footnotes":""},"categories":[7,8,36,57,70,72,100],"tags":[155,193,289,306,325],"_links":{"self":[{"href":"https:\/\/www.lapetita.com\/blog\/wp-json\/wp\/v2\/posts\/1946"}],"collection":[{"href":"https:\/\/www.lapetita.com\/blog\/wp-json\/wp\/v2\/posts"}],"about":[{"href":"https:\/\/www.lapetita.com\/blog\/wp-json\/wp\/v2\/types\/post"}],"author":[{"embeddable":true,"href":"https:\/\/www.lapetita.com\/blog\/wp-json\/wp\/v2\/users\/4"}],"replies":[{"embeddable":true,"href":"https:\/\/www.lapetita.com\/blog\/wp-json\/wp\/v2\/comments?post=1946"}],"version-history":[{"count":0,"href":"https:\/\/www.lapetita.com\/blog\/wp-json\/wp\/v2\/posts\/1946\/revisions"}],"wp:featuredmedia":[{"embeddable":true,"href":"https:\/\/www.lapetita.com\/blog\/wp-json\/wp\/v2\/media\/1953"}],"wp:attachment":[{"href":"https:\/\/www.lapetita.com\/blog\/wp-json\/wp\/v2\/media?parent=1946"}],"wp:term":[{"taxonomy":"category","embeddable":true,"href":"https:\/\/www.lapetita.com\/blog\/wp-json\/wp\/v2\/categories?post=1946"},{"taxonomy":"post_tag","embeddable":true,"href":"https:\/\/www.lapetita.com\/blog\/wp-json\/wp\/v2\/tags?post=1946"}],"curies":[{"name":"wp","href":"https:\/\/api.w.org\/{rel}","templated":true}]}}