{"id":1962,"date":"2018-04-22T08:27:37","date_gmt":"2018-04-22T08:27:37","guid":{"rendered":"http:\/\/elblogdelapetita.com\/?p=1962"},"modified":"2018-04-22T08:27:37","modified_gmt":"2018-04-22T08:27:37","slug":"recomanacions-de-sant-jordi-a-partir-de-8-anys","status":"publish","type":"post","link":"https:\/\/www.lapetita.com\/blog\/recomanacions-de-sant-jordi-a-partir-de-8-anys\/","title":{"rendered":"Recomanacions de Sant Jordi a partir de 8 anys"},"content":{"rendered":"<p>Ara si, ja tenim Sant Jordi al damunt! Us portem les \u00faltimes recomanacions pels lectors de m\u00e9s de vuit anys!<\/p>\n<p><strong>La tribu dels\u00a0<span class=\"hiddenSpellError\">Zipoli<\/span><\/strong>, <em>David\u00a0<span class=\"hiddenSpellError\">Nel\u00b7lo<\/span><\/em>, Editorial Bamb\u00fa<\/p>\n<p><img loading=\"lazy\" decoding=\"async\" class=\" size-medium wp-image-1966 alignleft\" src=\"https:\/\/www.lapetita.com\/es\/blog\/wp-content\/uploads\/2018\/04\/tribu-zipoli.jpg?w=210\" alt=\"tribu Zipoli\" width=\"210\" height=\"300\" srcset=\"https:\/\/www.lapetita.com\/blog\/wp-content\/uploads\/2018\/04\/tribu-zipoli.jpg 472w, https:\/\/www.lapetita.com\/blog\/wp-content\/uploads\/2018\/04\/tribu-zipoli-210x300.jpg 210w\" sizes=\"(max-width: 210px) 100vw, 210px\" \/>A en Guillem no li agrada llegir. I aix\u00f2 \u00e9s un problema enorme quan a la teva fam\u00edlia tots adoren la lectura. Ho ha intentat de mil maneres i nom\u00e9s es veu capa\u00e7 de llegir alguns c\u00f2mics i poc m\u00e9s. Hi ha tantes paraules que no ent\u00e9n a tots els llibres&#8230;<br \/>\nCada setmana va amb la classe a la biblioteca de l&#8217;escola i est\u00e0 obligat a emportar-se un llibre en pr\u00e9stec, encara que a ell no li agradi massa. Un dia troba un llibre sepultat que sembla que el cridi, es titula La tribu dels\u00a0<span class=\"hiddenSpellError\">Zipoli<\/span>. Quan arriba a casa l&#8217;obre. Aquell llibre sembla que es dirigeixi directament a ell. Els personatges del llibre li parlen! Aquell llibre no l&#8217;ha de veure ning\u00fa&#8230; per\u00f2 cada persona que el llegeix, hi troba una hist\u00f2ria diferent!<br \/>\nLa tribu dels\u00a0<span class=\"hiddenSpellError\">Zipoli<\/span>\u00a0\u00e9s una novel\u00b7la sobre el descobriment de l&#8217;amor a la lectura on trobareu tantes hist\u00f2ries com personatges apareixen.<\/p>\n<p><strong>El carter de l&#8217;espai<\/strong>, <em>Guillaume\u00a0<span class=\"hiddenSpellError\">Perreault<\/span>,<\/em> Editorial Joventut<\/p>\n<p><img loading=\"lazy\" decoding=\"async\" class=\" size-medium wp-image-1965 alignleft\" src=\"https:\/\/www.lapetita.com\/es\/blog\/wp-content\/uploads\/2018\/04\/carter-de-lespai.jpg?w=227\" alt=\"carter de l'espai\" width=\"227\" height=\"300\" srcset=\"https:\/\/www.lapetita.com\/blog\/wp-content\/uploads\/2018\/04\/carter-de-lespai.jpg 340w, https:\/\/www.lapetita.com\/blog\/wp-content\/uploads\/2018\/04\/carter-de-lespai-227x300.jpg 227w\" sizes=\"(max-width: 227px) 100vw, 227px\" \/>En Bob, el carter de l&#8217;espai fa cada dia la mateixa ruta.\u00a0<span class=\"hiddenGreenError\">Tots els dies<\/span>. I ell \u00e9s feli\u00e7 amb la seva rutina.<br \/>\nUn dia, quan arriba a l&#8217;oficina li anuncien que aquell dia repartir\u00e0 cartes i paquets per una ruta diferent. S&#8217;inicia aix\u00ed, un dia ple de sorpreses inesperades i clients d&#8217;all\u00f2 m\u00e9s estramb\u00f2tics.<br \/>\nAmb la seva nau visitar\u00e0 diversos\u00a0mons\u00a0ben\u00a0diferents dels\u00a0que est\u00e0 acostumat i coneixer\u00e0 als seus habitants, alguns que el\u00a0trauran\u00a0m\u00e9s de polleguera que d&#8217;altres.<br \/>\nAquest c\u00f2mic de Guillaume\u00a0<span class=\"hiddenSpellError\">Perreault<\/span>, ple de refer\u00e8ncies a obres de la literatura i amb un estil de l\u00ednies netes i colors plans, mostra com el canvi de rutina ens pot portar a viure grans aventures i descobrir indrets i personatges fascinants.<\/p>\n<p><strong>El\u00a0<span class=\"hiddenSpellError\">Rey<\/span>\u00a0<span class=\"hiddenGrammarError\">del bosque<\/span><\/strong>, <em>Adam\u00a0<span class=\"hiddenSpellError\">Stower<\/span>,<\/em>\u00a0<span class=\"hiddenSpellError\">Astronave<\/span><\/p>\n<p><img loading=\"lazy\" decoding=\"async\" class=\" size-medium wp-image-1964 alignleft\" src=\"https:\/\/www.lapetita.com\/es\/blog\/wp-content\/uploads\/2018\/04\/rey-dl-bosque.jpg?w=199\" alt=\"rey dl bosque\" width=\"199\" height=\"300\" srcset=\"https:\/\/www.lapetita.com\/blog\/wp-content\/uploads\/2018\/04\/rey-dl-bosque.jpg 600w, https:\/\/www.lapetita.com\/blog\/wp-content\/uploads\/2018\/04\/rey-dl-bosque-199x300.jpg 199w\" sizes=\"(max-width: 199px) 100vw, 199px\" \/>A en Ben Pole, hi ha un grupet de la seva classe, liderat per en\u00a0<span class=\"hiddenSpellError\">Monty<\/span>, que el molesta i martiritza cada dia. Un dia, fugint d&#8217;ells, acaba en un carrer\u00f3 sense sortida. Salta a amagar-se dins de l&#8217;\u00fanic amagatall que hi troba, un contenidor d&#8217;escombraries. Per\u00f2 en entrar-hi, acaba caient dins d&#8217;un t\u00fanel excavat sota terra! Aquell t\u00fanel el condueix a un bosc que no havia vist mai on, despr\u00e9s de caure en algunes trampes, coneix al Rei\u00a0<span class=\"hiddenSpellError\">Cuu<\/span>. El Rei\u00a0<span class=\"hiddenSpellError\">Cuu<\/span>\u00a0\u00e9s una nena amb la barba fins als turmells! I t\u00e9 un\u00a0<span class=\"hiddenSpellError\">wombat<\/span>!<br \/>\nA partir d&#8217;aquell dia, en Ben va cada tarda al bosc, fins que un dia l&#8217;aconsegueixen seguir en\u00a0<span class=\"hiddenSpellError\">Monty<\/span>\u00a0i companyia. Per derrotar als seus enemics, el Rei\u00a0<span class=\"hiddenSpellError\">Cuu<\/span>\u00a0i en Ben se les hauran d&#8217;empescar per sortir victoriosos i protegir el seu bosc secret de la resta d&#8217;habitants de la ciutat.<\/p>\n<p><strong>La iaia no hi toca<\/strong>, <em>Jos\u00e9\u00a0<span class=\"hiddenSpellError\">Ignacio<\/span>\u00a0<span class=\"hiddenSpellError\">Valenzuela<\/span>,<\/em>\u00a0<span class=\"hiddenSpellError\">Birabiro<\/span><\/p>\n<p><img loading=\"lazy\" decoding=\"async\" class=\" size-medium wp-image-1963 alignleft\" src=\"https:\/\/www.lapetita.com\/es\/blog\/wp-content\/uploads\/2018\/04\/page_1_thumb_large.jpg?w=184\" alt=\"page_1_thumb_large\" width=\"184\" height=\"300\" srcset=\"https:\/\/www.lapetita.com\/blog\/wp-content\/uploads\/2018\/04\/page_1_thumb_large.jpg 294w, https:\/\/www.lapetita.com\/blog\/wp-content\/uploads\/2018\/04\/page_1_thumb_large-184x300.jpg 184w\" sizes=\"(max-width: 184px) 100vw, 184px\" \/>L&#8217;\u00e0via d&#8217;en Vicen\u00e7 est\u00e0 totalment boja. Porta un pentinat estrany, es posa tocats horribles i mai surt al carrer si fa sol. Tamb\u00e9 mant\u00e9 la casa en penombra i no deixa que els seus\u00a0n\u00e9ts\u00a0juguin al jard\u00ed. Es passa el dia recitant versos i parla estrany&#8230; Encara que el que la fa m\u00e9s rara, \u00e9s la piga que es pinta cada dia segons el seu estat d&#8217;\u00e0nim. No hi toca! I el pitjor que li podia passar mai al noi \u00e9s que els seus pares treballin fins tard i l&#8217;autob\u00fas de l&#8217;escola l&#8217;hagi de deixar cada dia a casa de la seva \u00e0via.<\/p>\n<p>Amb la seva \u00e0via aprendr\u00e0 cada tarda a jugar amb les paraules, descobrir\u00e0 com descriure diferents elements sense utilitzar els adjectius t\u00edpics i veur\u00e0 que realment, la seva \u00e0via no \u00e9s tan exc\u00e8ntrica com sembla.<\/p>\n","protected":false},"excerpt":{"rendered":"<p>Ara si, ja tenim Sant Jordi al damunt! Us portem les \u00faltimes recomanacions pels lectors de m\u00e9s de vuit anys! La tribu dels\u00a0Zipoli, David\u00a0Nel\u00b7lo, Editorial Bamb\u00fa A en Guillem no li agrada llegir. I aix\u00f2 \u00e9s un problema enorme quan a la teva fam\u00edlia tots adoren la lectura. Ho ha intentat de mil maneres i [&hellip;]<\/p>\n","protected":false},"author":4,"featured_media":1967,"comment_status":"open","ping_status":"open","sticky":false,"template":"","format":"standard","meta":{"footnotes":""},"categories":[6,7,8,39,42,70,88,89,1],"tags":[146,153,193],"_links":{"self":[{"href":"https:\/\/www.lapetita.com\/blog\/wp-json\/wp\/v2\/posts\/1962"}],"collection":[{"href":"https:\/\/www.lapetita.com\/blog\/wp-json\/wp\/v2\/posts"}],"about":[{"href":"https:\/\/www.lapetita.com\/blog\/wp-json\/wp\/v2\/types\/post"}],"author":[{"embeddable":true,"href":"https:\/\/www.lapetita.com\/blog\/wp-json\/wp\/v2\/users\/4"}],"replies":[{"embeddable":true,"href":"https:\/\/www.lapetita.com\/blog\/wp-json\/wp\/v2\/comments?post=1962"}],"version-history":[{"count":0,"href":"https:\/\/www.lapetita.com\/blog\/wp-json\/wp\/v2\/posts\/1962\/revisions"}],"wp:featuredmedia":[{"embeddable":true,"href":"https:\/\/www.lapetita.com\/blog\/wp-json\/wp\/v2\/media\/1967"}],"wp:attachment":[{"href":"https:\/\/www.lapetita.com\/blog\/wp-json\/wp\/v2\/media?parent=1962"}],"wp:term":[{"taxonomy":"category","embeddable":true,"href":"https:\/\/www.lapetita.com\/blog\/wp-json\/wp\/v2\/categories?post=1962"},{"taxonomy":"post_tag","embeddable":true,"href":"https:\/\/www.lapetita.com\/blog\/wp-json\/wp\/v2\/tags?post=1962"}],"curies":[{"name":"wp","href":"https:\/\/api.w.org\/{rel}","templated":true}]}}