{"id":1971,"date":"2018-05-24T14:53:11","date_gmt":"2018-05-24T14:53:11","guid":{"rendered":"http:\/\/elblogdelapetita.com\/?p=1971"},"modified":"2018-05-24T14:53:11","modified_gmt":"2018-05-24T14:53:11","slug":"recomanacions-poetiques","status":"publish","type":"post","link":"https:\/\/www.lapetita.com\/blog\/recomanacions-poetiques\/","title":{"rendered":"Recomanacions po\u00e8tiques"},"content":{"rendered":"<p><img loading=\"lazy\" decoding=\"async\" src=\"https:\/\/www.lapetita.com\/es\/blog\/wp-content\/uploads\/2018\/05\/maig_1.jpg\" class=\"alignnone wp-image-1972 size-full\" height=\"2322\" alt=\"MAIG_1\" width=\"3824\"><\/p>\n<p>Acomiadem\u00a0la setmana de la poesia recomanant els llibres de dos autors que vam tenir la sort de con\u00e8ixer una mica millor el passat nou de maig al cicle Parlem amb&#8230; Aquesta activitat, organizada pel Servei de Documentaci\u00f3 de Literatura Infantil i Juvenil de la Biblioteca Xavier Benguerel, es va haver de canviar d&#8217;ubicaci\u00f3 a la Biblioteca del Poblenou degut a l&#8217;elevat nombre d&#8217;inscripcions.<\/p>\n<p>Gaireb\u00e9 un centenar d&#8217;assistents vam poder presenciar com els ponents Mar\u00eda Jos\u00e9 Ferrada, Felipe Munita i Darabuc ens mostraven amb emoci\u00f3 la seva particular visi\u00f3 sobre la poesia i la relaci\u00f3 que hi mantenen els infants.<\/p>\n<p><b>Un jard\u00edn<\/b><span style=\"font-weight:400;\">, <\/span><span style=\"font-weight:400;\"><i>Isidro Ferrer i Mar\u00eda Jos\u00e9 Ferrada<\/i><\/span><span style=\"font-weight:400;\">, A Buen Paso<\/span><\/p>\n<p>El senyor\u00a0<span class=\"hiddenSpellError\">Wakagi<\/span>\u00a0t\u00e9 un jard\u00ed meravell\u00f3s, ple de plantes de tota mena i en aparent calma. Amb el pas del temps, es convertir\u00e0 en un lloc on diversos animals en recorren tots els racons i on una metamorfosi final ens sorprendr\u00e0.<\/p>\n<p><img loading=\"lazy\" decoding=\"async\" src=\"https:\/\/www.lapetita.com\/es\/blog\/wp-content\/uploads\/2018\/05\/7cc6b8a6-29fb-41a1-8c81-de7223b65017.jpg\" class=\"alignnone wp-image-1997 size-full\" height=\"2633\" width=\"4018\"><br \/>\n<em>Un\u00a0<span class=\"hiddenSpellError\">jard\u00edn<\/span><\/em>\u00a0\u00e9s un\u00a0\u00e0lbum\u00a0amb un format sorprenent, el seu plegat ens recorda a un rotlle de pergam\u00ed, ja que\u00a0en lloc\u00a0de passar p\u00e0gina, anem desenrotllant aquest llibre\u00a0en qu\u00e8\u00a0la il\u00b7lustraci\u00f3 i el text mantenen un di\u00e0leg i es complementen, creant una hist\u00f2ria on\u00a0<span class=\"hiddenGrammarError\">es<\/span>\u00a0barregen\u00a0fantasia i realitat.<br \/>\nLa poesia breu i de ritme pausat de Mar\u00eda Jos\u00e9 Ferrada, creada a partir de les il\u00b7lustracions de tons blaus d&#8217;<span class=\"hiddenSpellError\">Isidro<\/span>\u00a0Ferrer, ens fa descobrir qu\u00e8 est\u00e0 passant en aquell meravell\u00f3s jard\u00ed, d&#8217;aparen\u00e7a calmada per\u00f2 que t\u00e9 molts racons per mostrar.<\/p>\n<p><b>Diez p\u00e1jaros en mi ventana<\/b><span style=\"font-weight:400;\">, <\/span><span style=\"font-weight:400;\"><i>Felipe Munita i Raquel Echenique<\/i><\/span><span style=\"font-weight:400;\">, Ediciones Ekar\u00e9<\/span><\/p>\n<p><span class=\"hiddenSpellError\">Diez<\/span>\u00a0<span class=\"hiddenSpellError\">p\u00e1jaros<\/span>\u00a0en mi ventana \u00e9s un recull de poesies que ens parlen de la natura i la m\u00fasica amb un to relaxat i pausat, introduint petits punts d&#8217;humor en alguns poemes. Els ocells s\u00f3n el fil narratiu que connecta totes les p\u00e0gines del llibre, van apareixent\u00a0cont\u00ednuament\u00a0i ens transporten amb el seu vol pels seus versos. El\u00a0llibre\u00a0est\u00e0 dividit\u00a0en tres cap\u00edtols diferents, com si es tract\u00e9s dels moviments d&#8217;una composici\u00f3 musical.<\/p>\n<p><img loading=\"lazy\" decoding=\"async\" src=\"https:\/\/www.lapetita.com\/es\/blog\/wp-content\/uploads\/2018\/05\/maig_3.jpg\" class=\"alignnone wp-image-1973 size-full\" height=\"2322\" alt=\"MAIG_3\" width=\"3200\"><br \/>\n<span class=\"hiddenSpellError\">Felipe<\/span>\u00a0<span class=\"hiddenSpellError\">Munita<\/span>\u00a0combina tipologies de poemes cl\u00e0ssics, com versos alexandrins o haikus, amb d&#8217;altres m\u00e9s arriscats, com els cal\u00b7ligrames, que converteixen el text en una il\u00b7lustraci\u00f3 per si mateix.<br \/>\nEls poemes es complementen amb les po\u00e8tiques il\u00b7lustracions d&#8217;aquarel\u00b7les de colors suaus de Raquel\u00a0<span class=\"hiddenSpellError\">Echenique<\/span>, que ens expliquen hist\u00f2ries paral\u00b7leles i que mantenen un di\u00e0leg constant amb la poesia que il\u00b7lustren.<\/p>\n","protected":false},"excerpt":{"rendered":"<p>Acomiadem\u00a0la setmana de la poesia recomanant els llibres de dos autors que vam tenir la sort de con\u00e8ixer una mica millor el passat nou de maig al cicle Parlem amb&#8230; Aquesta activitat, organizada pel Servei de Documentaci\u00f3 de Literatura Infantil i Juvenil de la Biblioteca Xavier Benguerel, es va haver de canviar d&#8217;ubicaci\u00f3 a la [&hellip;]<\/p>\n","protected":false},"author":4,"featured_media":1972,"comment_status":"open","ping_status":"open","sticky":false,"template":"","format":"standard","meta":{"footnotes":""},"categories":[6,7,8,36,70,72,94,95,96,97,1],"tags":[123,189,306],"_links":{"self":[{"href":"https:\/\/www.lapetita.com\/blog\/wp-json\/wp\/v2\/posts\/1971"}],"collection":[{"href":"https:\/\/www.lapetita.com\/blog\/wp-json\/wp\/v2\/posts"}],"about":[{"href":"https:\/\/www.lapetita.com\/blog\/wp-json\/wp\/v2\/types\/post"}],"author":[{"embeddable":true,"href":"https:\/\/www.lapetita.com\/blog\/wp-json\/wp\/v2\/users\/4"}],"replies":[{"embeddable":true,"href":"https:\/\/www.lapetita.com\/blog\/wp-json\/wp\/v2\/comments?post=1971"}],"version-history":[{"count":0,"href":"https:\/\/www.lapetita.com\/blog\/wp-json\/wp\/v2\/posts\/1971\/revisions"}],"wp:featuredmedia":[{"embeddable":true,"href":"https:\/\/www.lapetita.com\/blog\/wp-json\/wp\/v2\/media\/1972"}],"wp:attachment":[{"href":"https:\/\/www.lapetita.com\/blog\/wp-json\/wp\/v2\/media?parent=1971"}],"wp:term":[{"taxonomy":"category","embeddable":true,"href":"https:\/\/www.lapetita.com\/blog\/wp-json\/wp\/v2\/categories?post=1971"},{"taxonomy":"post_tag","embeddable":true,"href":"https:\/\/www.lapetita.com\/blog\/wp-json\/wp\/v2\/tags?post=1971"}],"curies":[{"name":"wp","href":"https:\/\/api.w.org\/{rel}","templated":true}]}}