{"id":2005,"date":"2018-07-03T18:03:20","date_gmt":"2018-07-03T18:03:20","guid":{"rendered":"http:\/\/elblogdelapetita.com\/?p=2005"},"modified":"2018-07-03T18:03:20","modified_gmt":"2018-07-03T18:03:20","slug":"recomanacions-per-comencar-lestiu","status":"publish","type":"post","link":"https:\/\/www.lapetita.com\/blog\/recomanacions-per-comencar-lestiu\/","title":{"rendered":"Recomanacions per comen\u00e7ar l&#8217;estiu"},"content":{"rendered":"<p><span style=\"font-weight:400;\">Ja tenim aqu\u00ed l\u2019estiu i les vacances. Us portem lectures marines per refrescar-vos!<\/span><\/p>\n<p><img loading=\"lazy\" decoding=\"async\" class=\"alignnone size-full wp-image-2011\" src=\"https:\/\/www.lapetita.com\/es\/blog\/wp-content\/uploads\/2018\/07\/foto_1.jpg\" alt=\"Foto_1.jpg\" width=\"5385\" height=\"2640\" \/><\/p>\n<p><b>A la platja, <\/b><i><span style=\"font-weight:400;\">Susanna Mattiangeli i Vessela Nikolova,<\/span><\/i><span style=\"font-weight:400;\"> Editorial Patio<\/span><\/p>\n<p>Els jocs i els passejos a la platja s\u00f3n un cl\u00e0ssic estiuenc. La protagonista d&#8217;aquest \u00e0lbum arriba amb la seva fam\u00edlia a la platja i li remarquen que no s&#8217;allunyi del seu para-sol. Comen\u00e7a a jugar fent un forat a la sorra, excava i excava fins que la sorra \u00e9s ben humida, ara toca decorar-ho tot amb petxines, les haur\u00e0 d&#8217;anar a cercar!<br \/>\n<img loading=\"lazy\" decoding=\"async\" class=\"alignnone size-full wp-image-2007\" src=\"https:\/\/www.lapetita.com\/es\/blog\/wp-content\/uploads\/2018\/07\/foto_2.jpg\" alt=\"Foto_2\" width=\"2079\" height=\"1561\" srcset=\"https:\/\/www.lapetita.com\/blog\/wp-content\/uploads\/2018\/07\/foto_2.jpg 2079w, https:\/\/www.lapetita.com\/blog\/wp-content\/uploads\/2018\/07\/foto_2-300x225.jpg 300w, https:\/\/www.lapetita.com\/blog\/wp-content\/uploads\/2018\/07\/foto_2-1024x769.jpg 1024w, https:\/\/www.lapetita.com\/blog\/wp-content\/uploads\/2018\/07\/foto_2-768x577.jpg 768w, https:\/\/www.lapetita.com\/blog\/wp-content\/uploads\/2018\/07\/foto_2-1536x1153.jpg 1536w, https:\/\/www.lapetita.com\/blog\/wp-content\/uploads\/2018\/07\/foto_2-2048x1538.jpg 2048w\" sizes=\"(max-width: 2079px) 100vw, 2079px\" \/><br \/>\nLa recerca de petxines per la platja la porta a observar el seu voltant i tot el que hi succeeix, la gent que hi passa, els vaixells, els jocs&#8230; fins que s&#8217;allunya molt de la seva tovallola i del seu forat. A poc a poc, li tocar\u00e0 trobar el cam\u00ed de tornada.<br \/>\nA la platja \u00e9s un \u00e0lbum de car\u00e0cter costumista que ens porta una hist\u00f2ria des del punt de vista d&#8217;una nena curiosa i observadora. La il\u00b7lustraci\u00f3 de tons c\u00e0lids evoca les sensacions i ens transporta a un calor\u00f3s dia de platja d&#8217;estiu.<\/p>\n<p><b>Sirenas,<\/b><i><span style=\"font-weight:400;\"> Jessica Love, <\/span><\/i><span style=\"font-weight:400;\">Editorial K\u00f3kinos<\/span><\/p>\n<p>En\u00a0<span class=\"hiddenSpellError\">Juli\u00e1n<\/span>\u00a0i la seva \u00e0via viatgen en un tren amb tres dones fascinants disfressades de sirenes que el deixen embadalit. S\u00f3n meravelloses i ell vol ser com elles.<br \/>\nEn arribar a casa, diu: \u00ab\u00c0via, jo tamb\u00e9 s\u00f3c una sirena\u00bb.<br \/>\nRebuscant entre armaris i calaixos es disfressa ell tamb\u00e9 de sirena mentre la seva \u00e0via no el veu. Com reaccionar\u00e0 quan el vegi? Est\u00e0 b\u00e9 all\u00f2 que ha fet?<br \/>\n<img loading=\"lazy\" decoding=\"async\" class=\"alignnone size-full wp-image-2009\" src=\"https:\/\/www.lapetita.com\/es\/blog\/wp-content\/uploads\/2018\/07\/foto_3.jpg\" alt=\"Foto_3\" width=\"2362\" height=\"1691\" srcset=\"https:\/\/www.lapetita.com\/blog\/wp-content\/uploads\/2018\/07\/foto_3.jpg 2362w, https:\/\/www.lapetita.com\/blog\/wp-content\/uploads\/2018\/07\/foto_3-300x215.jpg 300w, https:\/\/www.lapetita.com\/blog\/wp-content\/uploads\/2018\/07\/foto_3-1024x733.jpg 1024w, https:\/\/www.lapetita.com\/blog\/wp-content\/uploads\/2018\/07\/foto_3-768x550.jpg 768w, https:\/\/www.lapetita.com\/blog\/wp-content\/uploads\/2018\/07\/foto_3-1536x1100.jpg 1536w, https:\/\/www.lapetita.com\/blog\/wp-content\/uploads\/2018\/07\/foto_3-2048x1466.jpg 2048w\" sizes=\"(max-width: 2362px) 100vw, 2362px\" \/><br \/>\nUn \u00e0lbum de\u00a0<span class=\"hiddenSpellError\">Jessica<\/span>\u00a0<span class=\"hiddenSpellError\">Love<\/span>, on predominen els colors suaus de les aquarel\u00b7les amb les quals en cada doble p\u00e0gina aconsegueix crear atmosferes que embolcallen la narraci\u00f3. L&#8217;argument narrat amb delicadesa, mostrant la por al rebuig, aconsegueix crear un ambient ideal per tractar temes de g\u00e8nere i d&#8217;identitat pr\u00f2pia amb els infants i mostrar la difer\u00e8ncia com un element positiu.<\/p>\n<p><b>El gran llibre del mar, <\/b><i><span style=\"font-weight:400;\">Yuval Zommer, <\/span><\/i><span style=\"font-weight:400;\">Editorial Joventut<\/span><\/p>\n<p>Us heu preguntat mai per qu\u00e8 els crancs corren de costat? Quin tipus d&#8217;animals viuen a l&#8217;oce\u00e0? Per a qu\u00e8 necessiten vuit bra\u00e7os als pops? A El gran llibre del mar trobareu un munt de respostes i curiositats sobre balenes, taurons, el fons mar\u00ed i peixos voladors entre d&#8217;altres. A m\u00e9s, al llarg de la lectura, podreu jugar a buscar i trobar una sardineta\u00a0nedant entre els curiosos habitants de cada doble p\u00e0gina.<br \/>\n<img loading=\"lazy\" decoding=\"async\" class=\"alignnone size-full wp-image-2010\" src=\"https:\/\/www.lapetita.com\/es\/blog\/wp-content\/uploads\/2018\/07\/foto_4.jpg\" alt=\"Foto_4\" width=\"3388\" height=\"2644\" \/><br \/>\nSeguint la mateixa l\u00ednia que a <em>El gran llibre de les b\u00e8sties<\/em> i <em>El gran llibre de les cuques<\/em>, i amb l&#8217;ajuda de l&#8217;experta en vida marina\u00a0<span class=\"hiddenSpellError\">Barbara<\/span>\u00a0Taylor,\u00a0<span class=\"hiddenSpellError\">Yuval<\/span>\u00a0<span class=\"hiddenSpellError\">Zommer<\/span>\u00a0ens presenta un llibre de coneixements on apareix una bona part dels animals que habiten els nostres mars i introdueix conceptes com les diferents fond\u00e0ries, les fam\u00edlies d&#8217;animals que poblen els oceans i les problem\u00e0tiques de la contaminaci\u00f3.<\/p>\n","protected":false},"excerpt":{"rendered":"<p>Ja tenim aqu\u00ed l\u2019estiu i les vacances. Us portem lectures marines per refrescar-vos! A la platja, Susanna Mattiangeli i Vessela Nikolova, Editorial Patio Els jocs i els passejos a la platja s\u00f3n un cl\u00e0ssic estiuenc. La protagonista d&#8217;aquest \u00e0lbum arriba amb la seva fam\u00edlia a la platja i li remarquen que no s&#8217;allunyi del seu [&hellip;]<\/p>\n","protected":false},"author":4,"featured_media":2011,"comment_status":"open","ping_status":"open","sticky":false,"template":"","format":"standard","meta":{"footnotes":""},"categories":[6,7,8,36,25,70,1],"tags":[193,194,196,257,305],"_links":{"self":[{"href":"https:\/\/www.lapetita.com\/blog\/wp-json\/wp\/v2\/posts\/2005"}],"collection":[{"href":"https:\/\/www.lapetita.com\/blog\/wp-json\/wp\/v2\/posts"}],"about":[{"href":"https:\/\/www.lapetita.com\/blog\/wp-json\/wp\/v2\/types\/post"}],"author":[{"embeddable":true,"href":"https:\/\/www.lapetita.com\/blog\/wp-json\/wp\/v2\/users\/4"}],"replies":[{"embeddable":true,"href":"https:\/\/www.lapetita.com\/blog\/wp-json\/wp\/v2\/comments?post=2005"}],"version-history":[{"count":0,"href":"https:\/\/www.lapetita.com\/blog\/wp-json\/wp\/v2\/posts\/2005\/revisions"}],"wp:featuredmedia":[{"embeddable":true,"href":"https:\/\/www.lapetita.com\/blog\/wp-json\/wp\/v2\/media\/2011"}],"wp:attachment":[{"href":"https:\/\/www.lapetita.com\/blog\/wp-json\/wp\/v2\/media?parent=2005"}],"wp:term":[{"taxonomy":"category","embeddable":true,"href":"https:\/\/www.lapetita.com\/blog\/wp-json\/wp\/v2\/categories?post=2005"},{"taxonomy":"post_tag","embeddable":true,"href":"https:\/\/www.lapetita.com\/blog\/wp-json\/wp\/v2\/tags?post=2005"}],"curies":[{"name":"wp","href":"https:\/\/api.w.org\/{rel}","templated":true}]}}