{"id":2038,"date":"2018-10-07T10:19:44","date_gmt":"2018-10-07T10:19:44","guid":{"rendered":"http:\/\/elblogdelapetita.com\/?p=2038"},"modified":"2018-10-07T10:19:44","modified_gmt":"2018-10-07T10:19:44","slug":"recomanacio-un-llarg-viatge","status":"publish","type":"post","link":"https:\/\/www.lapetita.com\/blog\/recomanacio-un-llarg-viatge\/","title":{"rendered":"Recomanaci\u00f3&#8230; Un  llarg viatge"},"content":{"rendered":"<p><img loading=\"lazy\" decoding=\"async\" class=\"alignnone size-full wp-image-2039\" src=\"https:\/\/www.lapetita.com\/es\/blog\/wp-content\/uploads\/2018\/10\/llarg-viatge_1.jpg\" alt=\"LLARG VIATGE_1\" width=\"2296\" height=\"2322\" srcset=\"https:\/\/www.lapetita.com\/blog\/wp-content\/uploads\/2018\/10\/llarg-viatge_1.jpg 2296w, https:\/\/www.lapetita.com\/blog\/wp-content\/uploads\/2018\/10\/llarg-viatge_1-297x300.jpg 297w, https:\/\/www.lapetita.com\/blog\/wp-content\/uploads\/2018\/10\/llarg-viatge_1-1013x1024.jpg 1013w, https:\/\/www.lapetita.com\/blog\/wp-content\/uploads\/2018\/10\/llarg-viatge_1-768x777.jpg 768w, https:\/\/www.lapetita.com\/blog\/wp-content\/uploads\/2018\/10\/llarg-viatge_1-1519x1536.jpg 1519w, https:\/\/www.lapetita.com\/blog\/wp-content\/uploads\/2018\/10\/llarg-viatge_1-2025x2048.jpg 2025w\" sizes=\"(max-width: 2296px) 100vw, 2296px\" \/><\/p>\n<p>Com cada setmana, aqu\u00ed arriba una nova recomanaci\u00f3!<\/p>\n<p><span style=\"font-weight:400;\"><strong>Un llarg viatge,<\/strong> <em>Daniel H. Chambers i Federico Delicado<\/em>, Kalandraka<\/span><\/p>\n<p><span style=\"font-weight:400;\">Una oca jove i la seva mare han de marxar cap al sud per fugir del fred de l\u2019hivern del nord. <\/span><\/p>\n<p><span style=\"font-weight:400;\">Al sud, una fam\u00edlia marxa de casa seva, la guerra ha arribat i han de fugir corrent. Els nens no entenen ben b\u00e9 per qu\u00e8, all\u00e0 hi tenen casa seva, les seves coses, els seus amics&#8230;<\/span><\/p>\n<p><span style=\"font-weight:400;\">I emprenen el llarg viatge. Les oques cap al sud sobrevolant tota mena de paratges i les fam\u00edlies que fugen dels horrors de la guerra cap al nord. Al llarg del llibre, veurem els seus viatges en paral\u00b7lel, com transcorren, els entrebancs que troben al cam\u00ed\u2026 <\/span><\/p>\n<p><img loading=\"lazy\" decoding=\"async\" class=\"alignnone size-full wp-image-2040\" src=\"https:\/\/www.lapetita.com\/es\/blog\/wp-content\/uploads\/2018\/10\/llarg-viatge_2.jpg\" alt=\"LLARG VIATGE_2\" width=\"3550\" height=\"2151\" \/><\/p>\n<p><span style=\"font-weight:400;\">Daniel H. Chambers crea dues hist\u00f2ries que s\u2019entrellacen creuant el Mediterrani en sentits contraris, explicant de manera planera per\u00f2 punyent, els drames diaris que transcorren els migrants per creuar el Mediterrani i intentar arribar a un lloc on la guerra sigui un record lluny\u00e0.<\/span><\/p>\n<p><span style=\"font-weight:400;\">Les il\u00b7lustracions d\u2019estil realista de Federico Delicado d\u2019aquest llibre sobre refugiats, transmeten tots els sentiments de por i d\u2019incertesa de tots aquells que han de fugir a la recerca d\u2019una vida millor.<\/span><\/p>\n","protected":false},"excerpt":{"rendered":"<p>Com cada setmana, aqu\u00ed arriba una nova recomanaci\u00f3! Un llarg viatge, Daniel H. Chambers i Federico Delicado, Kalandraka Una oca jove i la seva mare han de marxar cap al sud per fugir del fred de l\u2019hivern del nord. Al sud, una fam\u00edlia marxa de casa seva, la guerra ha arribat i han de fugir [&hellip;]<\/p>\n","protected":false},"author":4,"featured_media":2039,"comment_status":"open","ping_status":"open","sticky":false,"template":"","format":"standard","meta":{"footnotes":""},"categories":[6,7,8,36,70],"tags":[242,305,306,308,309],"_links":{"self":[{"href":"https:\/\/www.lapetita.com\/blog\/wp-json\/wp\/v2\/posts\/2038"}],"collection":[{"href":"https:\/\/www.lapetita.com\/blog\/wp-json\/wp\/v2\/posts"}],"about":[{"href":"https:\/\/www.lapetita.com\/blog\/wp-json\/wp\/v2\/types\/post"}],"author":[{"embeddable":true,"href":"https:\/\/www.lapetita.com\/blog\/wp-json\/wp\/v2\/users\/4"}],"replies":[{"embeddable":true,"href":"https:\/\/www.lapetita.com\/blog\/wp-json\/wp\/v2\/comments?post=2038"}],"version-history":[{"count":0,"href":"https:\/\/www.lapetita.com\/blog\/wp-json\/wp\/v2\/posts\/2038\/revisions"}],"wp:featuredmedia":[{"embeddable":true,"href":"https:\/\/www.lapetita.com\/blog\/wp-json\/wp\/v2\/media\/2039"}],"wp:attachment":[{"href":"https:\/\/www.lapetita.com\/blog\/wp-json\/wp\/v2\/media?parent=2038"}],"wp:term":[{"taxonomy":"category","embeddable":true,"href":"https:\/\/www.lapetita.com\/blog\/wp-json\/wp\/v2\/categories?post=2038"},{"taxonomy":"post_tag","embeddable":true,"href":"https:\/\/www.lapetita.com\/blog\/wp-json\/wp\/v2\/tags?post=2038"}],"curies":[{"name":"wp","href":"https:\/\/api.w.org\/{rel}","templated":true}]}}