{"id":2047,"date":"2018-10-13T19:06:52","date_gmt":"2018-10-13T19:06:52","guid":{"rendered":"http:\/\/elblogdelapetita.com\/?p=2047"},"modified":"2018-10-13T19:06:52","modified_gmt":"2018-10-13T19:06:52","slug":"recomanacio-a-dormir-gatets","status":"publish","type":"post","link":"https:\/\/www.lapetita.com\/blog\/recomanacio-a-dormir-gatets\/","title":{"rendered":"Recomanaci\u00f3&#8230; A dormir, gatets!"},"content":{"rendered":"<p dir=\"ltr\"><img loading=\"lazy\" decoding=\"async\" src=\"https:\/\/www.lapetita.com\/es\/blog\/wp-content\/uploads\/2018\/10\/gatets_1.jpg\" class=\"alignnone size-full wp-image-2049\" height=\"1247\" alt=\"Gatets_1\" width=\"1489\" srcset=\"https:\/\/www.lapetita.com\/blog\/wp-content\/uploads\/2018\/10\/gatets_1.jpg 1489w, https:\/\/www.lapetita.com\/blog\/wp-content\/uploads\/2018\/10\/gatets_1-300x251.jpg 300w, https:\/\/www.lapetita.com\/blog\/wp-content\/uploads\/2018\/10\/gatets_1-1024x858.jpg 1024w, https:\/\/www.lapetita.com\/blog\/wp-content\/uploads\/2018\/10\/gatets_1-768x643.jpg 768w\" sizes=\"(max-width: 1489px) 100vw, 1489px\" \/><\/p>\n<p dir=\"ltr\">Aquesta setmana us portem un conte per anar a dormir recomanat a partir de dos anys!<\/p>\n<p dir=\"ltr\"><strong>A dormir, gatets!<\/strong>, <em>B\u00e0rbara Castro Ur\u00edo<\/em>, Zahor\u00ed Books.<\/p>\n<p>\u00c9s hora de dormir per\u00f2 la casa \u00e9s ben buida. El primer gat en arribar \u00e9s el vermell i de seguida est\u00e0 descansant a la seva habitaci\u00f3. S&#8217;obre una finestra vermella a la casa i mentrestant, s&#8217;apropa el gatet verd tranquil\u00b7lament&#8230; Un per un, els gatets de colors aniran omplint totes i cada una de les habitacions i s&#8217;aniran il\u00b7luminant les finestres de la casa.<\/p>\n<p><img loading=\"lazy\" decoding=\"async\" src=\"https:\/\/www.lapetita.com\/es\/blog\/wp-content\/uploads\/2018\/10\/gatets_2.jpg\" class=\"alignnone size-full wp-image-2050\" height=\"1010\" alt=\"Gatets_2\" width=\"1959\" srcset=\"https:\/\/www.lapetita.com\/blog\/wp-content\/uploads\/2018\/10\/gatets_2.jpg 1959w, https:\/\/www.lapetita.com\/blog\/wp-content\/uploads\/2018\/10\/gatets_2-300x155.jpg 300w, https:\/\/www.lapetita.com\/blog\/wp-content\/uploads\/2018\/10\/gatets_2-1024x528.jpg 1024w, https:\/\/www.lapetita.com\/blog\/wp-content\/uploads\/2018\/10\/gatets_2-768x396.jpg 768w, https:\/\/www.lapetita.com\/blog\/wp-content\/uploads\/2018\/10\/gatets_2-1536x792.jpg 1536w\" sizes=\"(max-width: 1959px) 100vw, 1959px\" \/><\/p>\n<p><em>A dormir, gatets<\/em>! \u00e9s un llibre objecte de cartr\u00f3 que combina el joc i la narraci\u00f3. La porta buida i les finestres que van apareixent encunyades en les seves p\u00e0gines permeten jugar amb els forats i sorprendre als m\u00e9s petits.<\/p>\n<p>B\u00e0rbara Castro Ur\u00edo crea una hist\u00f2ria que utilitza el blanc com a fons per ressaltar els elements i personatges de colors saturats en la doble p\u00e0gina. L&#8217;esquema que es repeteix en cada doble p\u00e0gina, a la p\u00e0gina esquerra sempre hi apareix un gatet i a la p\u00e0gina dreta la casa i les finestres que es van obrint, permet seguir perfectament el fil narratiu de la hist\u00f2ria als primers lectors.<\/p>\n<p>El format quadrat i la senzillesa i delicadesa de les il\u00b7lustracions, fan d&#8217;aquest llibre de Zahor\u00ed Books, que est\u00e0 publicant t\u00edtols interessants i fascinants per infants, un \u00e0lbum captivador i especial per qualsevol edat.<\/p>\n","protected":false},"excerpt":{"rendered":"<p>Aquesta setmana us portem un conte per anar a dormir recomanat a partir de dos anys! A dormir, gatets!, B\u00e0rbara Castro Ur\u00edo, Zahor\u00ed Books. \u00c9s hora de dormir per\u00f2 la casa \u00e9s ben buida. El primer gat en arribar \u00e9s el vermell i de seguida est\u00e0 descansant a la seva habitaci\u00f3. S&#8217;obre una finestra vermella [&hellip;]<\/p>\n","protected":false},"author":4,"featured_media":2049,"comment_status":"open","ping_status":"open","sticky":false,"template":"","format":"standard","meta":{"footnotes":""},"categories":[6,7,8,36,38,57,70,86,100,113],"tags":[342,343],"_links":{"self":[{"href":"https:\/\/www.lapetita.com\/blog\/wp-json\/wp\/v2\/posts\/2047"}],"collection":[{"href":"https:\/\/www.lapetita.com\/blog\/wp-json\/wp\/v2\/posts"}],"about":[{"href":"https:\/\/www.lapetita.com\/blog\/wp-json\/wp\/v2\/types\/post"}],"author":[{"embeddable":true,"href":"https:\/\/www.lapetita.com\/blog\/wp-json\/wp\/v2\/users\/4"}],"replies":[{"embeddable":true,"href":"https:\/\/www.lapetita.com\/blog\/wp-json\/wp\/v2\/comments?post=2047"}],"version-history":[{"count":0,"href":"https:\/\/www.lapetita.com\/blog\/wp-json\/wp\/v2\/posts\/2047\/revisions"}],"wp:featuredmedia":[{"embeddable":true,"href":"https:\/\/www.lapetita.com\/blog\/wp-json\/wp\/v2\/media\/2049"}],"wp:attachment":[{"href":"https:\/\/www.lapetita.com\/blog\/wp-json\/wp\/v2\/media?parent=2047"}],"wp:term":[{"taxonomy":"category","embeddable":true,"href":"https:\/\/www.lapetita.com\/blog\/wp-json\/wp\/v2\/categories?post=2047"},{"taxonomy":"post_tag","embeddable":true,"href":"https:\/\/www.lapetita.com\/blog\/wp-json\/wp\/v2\/tags?post=2047"}],"curies":[{"name":"wp","href":"https:\/\/api.w.org\/{rel}","templated":true}]}}