{"id":2094,"date":"2018-11-17T17:40:50","date_gmt":"2018-11-17T17:40:50","guid":{"rendered":"http:\/\/elblogdelapetita.com\/?p=2094"},"modified":"2018-11-17T17:40:50","modified_gmt":"2018-11-17T17:40:50","slug":"recomanacio-abre-bien-los-ojos","status":"publish","type":"post","link":"https:\/\/www.lapetita.com\/blog\/recomanacio-abre-bien-los-ojos\/","title":{"rendered":"Recomanaci\u00f3&#8230; Abre bien los ojos"},"content":{"rendered":"<p><img loading=\"lazy\" decoding=\"async\" class=\"alignnone size-full wp-image-2095\" src=\"https:\/\/www.lapetita.com\/es\/blog\/wp-content\/uploads\/2018\/11\/abre_1.jpg\" alt=\"abre_1\" width=\"1870\" height=\"2173\" srcset=\"https:\/\/www.lapetita.com\/blog\/wp-content\/uploads\/2018\/11\/abre_1.jpg 1870w, https:\/\/www.lapetita.com\/blog\/wp-content\/uploads\/2018\/11\/abre_1-258x300.jpg 258w, https:\/\/www.lapetita.com\/blog\/wp-content\/uploads\/2018\/11\/abre_1-881x1024.jpg 881w, https:\/\/www.lapetita.com\/blog\/wp-content\/uploads\/2018\/11\/abre_1-768x892.jpg 768w, https:\/\/www.lapetita.com\/blog\/wp-content\/uploads\/2018\/11\/abre_1-1322x1536.jpg 1322w, https:\/\/www.lapetita.com\/blog\/wp-content\/uploads\/2018\/11\/abre_1-1762x2048.jpg 1762w\" sizes=\"(max-width: 1870px) 100vw, 1870px\" \/><\/p>\n<p><span style=\"font-weight:400;\">Primer de tot, tanca els ulls. Un moment\u2026 No els hav\u00edem d&#8217;obrir b\u00e9? <\/span><\/p>\n<p><span style=\"font-weight:400;\">Tanca els ulls i imagina un paisatge al camp. Ara imagina que neva i tot es torna blanc. Es tornen blancs els arbres, els prats\u2026 Tot \u00e9s blanc. I apareix el Pare Conill que busca als seus fills!<\/span><\/p>\n<p><span style=\"font-weight:400;\">Rec\u00f3rrer les p\u00e0gines d&#8217;aquest meravell\u00f3s llibre, es transforma en un viatge per les estacions de l\u2019any mentre el Pare Conill troba a cadascun dels seus llorigons. <\/span><\/p>\n<p><img loading=\"lazy\" decoding=\"async\" class=\"alignnone size-full wp-image-2096\" src=\"https:\/\/www.lapetita.com\/es\/blog\/wp-content\/uploads\/2018\/11\/abre_2.jpg\" alt=\"abre_2\" width=\"2928\" height=\"2082\" \/><\/p>\n<p><span style=\"font-weight:400;\">El t\u00edtol, tota una declaraci\u00f3 d&#8217;intencions, dona una pista del que haurem de fer per trobar tots els personatges i elements que s&#8217;amaguen darrere de les grans solapes, que en obrir-se, creen una doble p\u00e0gina ampliada i ens obren les portes a observar tot el que hi succeeix. Es crea aix\u00ed, un llibre objecte en el qual la interacci\u00f3 entre el lector i la hist\u00f2ria s\u00f3n constants. <\/span><\/p>\n<p><img loading=\"lazy\" decoding=\"async\" class=\" size-large wp-image-2097 aligncenter\" src=\"https:\/\/www.lapetita.com\/es\/blog\/wp-content\/uploads\/2018\/11\/abre_3.jpg?w=1024\" alt=\"abre_3\" width=\"1024\" height=\"417\" \/><\/p>\n<p><span style=\"font-weight:400;\">El text po\u00e8tic de Ramadier, ens evoca tot de sensacions referents al color predominant de cada p\u00e0gina i a l\u2019\u00e8poca de l\u2019any que pertoca. Els colors plans i contrastats de Bourgeau, aconsegueixen fer-nos viatjar en el temps i l\u2019espai per endinsar-nos de ple en la natura i les vides dels animalons que hi viuen.<\/span><\/p>\n<p><span style=\"font-weight:400;\">L\u00f3guez ens porta un \u00e0lbum capa\u00e7 de fascinar a petits i grans per igual amb una hist\u00f2ria plena de descobriments i un format captivant.<\/span><\/p>\n","protected":false},"excerpt":{"rendered":"<p>Primer de tot, tanca els ulls. Un moment\u2026 No els hav\u00edem d&#8217;obrir b\u00e9? Tanca els ulls i imagina un paisatge al camp. Ara imagina que neva i tot es torna blanc. Es tornen blancs els arbres, els prats\u2026 Tot \u00e9s blanc. I apareix el Pare Conill que busca als seus fills! Rec\u00f3rrer les p\u00e0gines d&#8217;aquest [&hellip;]<\/p>\n","protected":false},"author":4,"featured_media":2095,"comment_status":"open","ping_status":"open","sticky":false,"template":"","format":"standard","meta":{"footnotes":""},"categories":[36,57,70,86,94,100,113],"tags":[142,172,254,284,306],"_links":{"self":[{"href":"https:\/\/www.lapetita.com\/blog\/wp-json\/wp\/v2\/posts\/2094"}],"collection":[{"href":"https:\/\/www.lapetita.com\/blog\/wp-json\/wp\/v2\/posts"}],"about":[{"href":"https:\/\/www.lapetita.com\/blog\/wp-json\/wp\/v2\/types\/post"}],"author":[{"embeddable":true,"href":"https:\/\/www.lapetita.com\/blog\/wp-json\/wp\/v2\/users\/4"}],"replies":[{"embeddable":true,"href":"https:\/\/www.lapetita.com\/blog\/wp-json\/wp\/v2\/comments?post=2094"}],"version-history":[{"count":0,"href":"https:\/\/www.lapetita.com\/blog\/wp-json\/wp\/v2\/posts\/2094\/revisions"}],"wp:featuredmedia":[{"embeddable":true,"href":"https:\/\/www.lapetita.com\/blog\/wp-json\/wp\/v2\/media\/2095"}],"wp:attachment":[{"href":"https:\/\/www.lapetita.com\/blog\/wp-json\/wp\/v2\/media?parent=2094"}],"wp:term":[{"taxonomy":"category","embeddable":true,"href":"https:\/\/www.lapetita.com\/blog\/wp-json\/wp\/v2\/categories?post=2094"},{"taxonomy":"post_tag","embeddable":true,"href":"https:\/\/www.lapetita.com\/blog\/wp-json\/wp\/v2\/tags?post=2094"}],"curies":[{"name":"wp","href":"https:\/\/api.w.org\/{rel}","templated":true}]}}