{"id":2135,"date":"2019-02-01T18:36:37","date_gmt":"2019-02-01T18:36:37","guid":{"rendered":"http:\/\/elblogdelapetita.com\/?p=2135"},"modified":"2019-02-01T18:36:37","modified_gmt":"2019-02-01T18:36:37","slug":"recomanacio-los-tres-hermanos-de-oro","status":"publish","type":"post","link":"https:\/\/www.lapetita.com\/blog\/recomanacio-los-tres-hermanos-de-oro\/","title":{"rendered":"Recomanaci\u00f3&#8230; Los tres hermanos de oro"},"content":{"rendered":"<p><span style=\"font-weight:400;\"><img loading=\"lazy\" decoding=\"async\" class=\"alignnone size-full wp-image-2136\" src=\"https:\/\/www.lapetita.com\/es\/blog\/wp-content\/uploads\/2019\/02\/hermanos_1.jpg\" alt=\"hermanos_1\" width=\"2400\" height=\"3133\" \/>Segur que alguna vegada heu sentit el conte de la gallina dels ous d\u2019or i si no, us en faig cinc c\u00e8ntims! <\/span><\/p>\n<p><span style=\"font-weight:400;\">Vet aqu\u00ed una vegada, un pag\u00e8s que tenia una gallina ponedora. Un bon dia, quan va anar a recollir l\u2019ou del dia, el que va trobar era totalment diferent, era d\u2019or. Al mercat li van intercanviar aquell ou per tot de queviures i va estar molt content. L\u2019endem\u00e0, en va trobar un altre i tal com havia fet el dia anterior, el va anar a canviar. Al tercer dia, va succeir exactament el mateix i dominat per l\u2019avar\u00edcia, va decidir obrir en canal a l\u2019animal per descobrir com ho feia per pondre els ous d\u2019or. Ben decebut va quedar, en veure que l\u2019au era com qualsevol altra. I vet aqu\u00ed una gallina i vet aqu\u00ed un ou, d\u2019aquest conte ja n\u2019hem tingut prou.<\/span><\/p>\n<p><img loading=\"lazy\" decoding=\"async\" class=\"alignnone size-full wp-image-2137\" src=\"https:\/\/www.lapetita.com\/es\/blog\/wp-content\/uploads\/2019\/02\/hermanos_2.jpg\" alt=\"hermanos_2\" width=\"3901\" height=\"2731\" \/><\/p>\n<p><span style=\"font-weight:400;\">I aquesta \u00e9s la hist\u00f2ria que s\u2019ha explicat milers de vegades arreu del m\u00f3n, per\u00f2 Olga de Dios es va fer una gran pregunta: qu\u00e8 va passar amb els pollets que van sortir d\u2019aquells ous? On van anar a parar? <\/span><\/p>\n<p><span style=\"font-weight:400;\">A partir d&#8217;aquesta premissa ens explica en forma de faules modernes al voltant de problemes actuals de la nostra societat, les vides dels fills d&#8217;or de la gallina i com ha influ\u00eft en ells i en el seu entorn el color del seu plomatge.<\/span><\/p>\n<p><span style=\"font-weight:400;\">Nube de Tinta edita acuradament un recull brillant, com els seus protagonistes, en el que Olga de Dios ens convida a reflexionar sobre les migracions, el consumisme i l&#8217;amor propi.<\/span><\/p>\n","protected":false},"excerpt":{"rendered":"<p>Segur que alguna vegada heu sentit el conte de la gallina dels ous d\u2019or i si no, us en faig cinc c\u00e8ntims! Vet aqu\u00ed una vegada, un pag\u00e8s que tenia una gallina ponedora. Un bon dia, quan va anar a recollir l\u2019ou del dia, el que va trobar era totalment diferent, era d\u2019or. Al mercat [&hellip;]<\/p>\n","protected":false},"author":4,"featured_media":2136,"comment_status":"open","ping_status":"open","sticky":false,"template":"","format":"standard","meta":{"footnotes":""},"categories":[6,7,8,36,70,72,99],"tags":[157,259,269,288,291,306],"_links":{"self":[{"href":"https:\/\/www.lapetita.com\/blog\/wp-json\/wp\/v2\/posts\/2135"}],"collection":[{"href":"https:\/\/www.lapetita.com\/blog\/wp-json\/wp\/v2\/posts"}],"about":[{"href":"https:\/\/www.lapetita.com\/blog\/wp-json\/wp\/v2\/types\/post"}],"author":[{"embeddable":true,"href":"https:\/\/www.lapetita.com\/blog\/wp-json\/wp\/v2\/users\/4"}],"replies":[{"embeddable":true,"href":"https:\/\/www.lapetita.com\/blog\/wp-json\/wp\/v2\/comments?post=2135"}],"version-history":[{"count":0,"href":"https:\/\/www.lapetita.com\/blog\/wp-json\/wp\/v2\/posts\/2135\/revisions"}],"wp:featuredmedia":[{"embeddable":true,"href":"https:\/\/www.lapetita.com\/blog\/wp-json\/wp\/v2\/media\/2136"}],"wp:attachment":[{"href":"https:\/\/www.lapetita.com\/blog\/wp-json\/wp\/v2\/media?parent=2135"}],"wp:term":[{"taxonomy":"category","embeddable":true,"href":"https:\/\/www.lapetita.com\/blog\/wp-json\/wp\/v2\/categories?post=2135"},{"taxonomy":"post_tag","embeddable":true,"href":"https:\/\/www.lapetita.com\/blog\/wp-json\/wp\/v2\/tags?post=2135"}],"curies":[{"name":"wp","href":"https:\/\/api.w.org\/{rel}","templated":true}]}}