{"id":2141,"date":"2019-02-25T16:12:40","date_gmt":"2019-02-25T16:12:40","guid":{"rendered":"http:\/\/elblogdelapetita.com\/?p=2141"},"modified":"2019-02-25T16:12:40","modified_gmt":"2019-02-25T16:12:40","slug":"recomanacio-lorigen-de-les-especies-de-charles-darwin","status":"publish","type":"post","link":"https:\/\/www.lapetita.com\/blog\/recomanacio-lorigen-de-les-especies-de-charles-darwin\/","title":{"rendered":"Recomanaci\u00f3&#8230; L&#8217;Origen de les esp\u00e8cies de Charles Darwin"},"content":{"rendered":"<p><img loading=\"lazy\" decoding=\"async\" class=\"alignnone size-full wp-image-2142\" src=\"https:\/\/www.lapetita.com\/es\/blog\/wp-content\/uploads\/2019\/02\/origen_1.jpg\" alt=\"ORIGEN_1.jpg\" width=\"2197\" height=\"3174\" \/><\/p>\n<p><i><span style=\"font-weight:400;\">Fa molt i molt de temps, abans que existissin els humans, el m\u00f3n era molt diferent de com \u00e9s avui.<\/span><\/i><\/p>\n<p><span style=\"font-weight:400;\">Al llarg de la hist\u00f2ria i fins a cert moment, tothom pensava que tots els animals i plantes s\u2019havien creat per generaci\u00f3 espont\u00e0nia en el mateix moment exacte. Fins que uns grans pensadors, van comen\u00e7ar a veure que all\u00f2 era del tot improbable. <\/span><\/p>\n<p><span style=\"font-weight:400;\">Sabina Radeva explica el llibre \u201cL\u2019arbre de la vida\u201d de Charles Darwin als m\u00e9s petits de manera molt planera i interessant. Posa magistralment en context el sorgiment de la revolucion\u00e0ria teoria de l\u2019evoluci\u00f3, que va suposar un canvi de paradigma en la societat i va permetre desenvolupar una nova visi\u00f3 del m\u00f3n i dels \u00e9ssers que el poblem.<\/span><\/p>\n<p><img loading=\"lazy\" decoding=\"async\" class=\"alignnone size-full wp-image-2143\" src=\"https:\/\/www.lapetita.com\/es\/blog\/wp-content\/uploads\/2019\/02\/origen_2.jpg\" alt=\"ORIGEN_2.jpg\" width=\"3464\" height=\"2194\" \/><\/p>\n<p><span style=\"font-weight:400;\">Com a valor afegit, trobareu les guardes plenes de papallones i escarabats que us serviran de guia per buscar-les dins de les il\u00b7lustracions i que faran de la lectura i l\u2019aprenentatge un joc de buscar i trobar en cada p\u00e0gina. <\/span><\/p>\n<p><span style=\"font-weight:400;\">L\u2019autora, bi\u00f2loga molecular de formaci\u00f3, inclou al final un glossari i lectures recomanades per aprendre encara m\u00e9s sobre l\u2019evoluci\u00f3 i Darwin.<\/span><\/p>\n<p><span style=\"font-weight:400;\">Patio Editorial publica aquest fant\u00e0stic \u00e0lbum de coneixements que ens obre de bat la porta a pensar sobre com ha canviat el m\u00f3n i els \u00e9ssers que l\u2019habitem al llarg del temps, i que va haver-hi molta gent abans que nosaltres que es va preguntar com hem arribat fins aqu\u00ed.<\/span><\/p>\n<p><b>L\u2019origen de les esp\u00e8cies de Charles Darwin,\u00a0<\/b><i><span>Sabina Radeva, Patio<\/span><\/i>\u00a0editorial<\/p>\n<p>&nbsp;<\/p>\n","protected":false},"excerpt":{"rendered":"<p>Fa molt i molt de temps, abans que existissin els humans, el m\u00f3n era molt diferent de com \u00e9s avui. Al llarg de la hist\u00f2ria i fins a cert moment, tothom pensava que tots els animals i plantes s\u2019havien creat per generaci\u00f3 espont\u00e0nia en el mateix moment exacte. Fins que uns grans pensadors, van comen\u00e7ar [&hellip;]<\/p>\n","protected":false},"author":4,"featured_media":2142,"comment_status":"open","ping_status":"open","sticky":false,"template":"","format":"standard","meta":{"footnotes":""},"categories":[6,7,8,23,26,70],"tags":[142,196,258,284,306],"_links":{"self":[{"href":"https:\/\/www.lapetita.com\/blog\/wp-json\/wp\/v2\/posts\/2141"}],"collection":[{"href":"https:\/\/www.lapetita.com\/blog\/wp-json\/wp\/v2\/posts"}],"about":[{"href":"https:\/\/www.lapetita.com\/blog\/wp-json\/wp\/v2\/types\/post"}],"author":[{"embeddable":true,"href":"https:\/\/www.lapetita.com\/blog\/wp-json\/wp\/v2\/users\/4"}],"replies":[{"embeddable":true,"href":"https:\/\/www.lapetita.com\/blog\/wp-json\/wp\/v2\/comments?post=2141"}],"version-history":[{"count":0,"href":"https:\/\/www.lapetita.com\/blog\/wp-json\/wp\/v2\/posts\/2141\/revisions"}],"wp:featuredmedia":[{"embeddable":true,"href":"https:\/\/www.lapetita.com\/blog\/wp-json\/wp\/v2\/media\/2142"}],"wp:attachment":[{"href":"https:\/\/www.lapetita.com\/blog\/wp-json\/wp\/v2\/media?parent=2141"}],"wp:term":[{"taxonomy":"category","embeddable":true,"href":"https:\/\/www.lapetita.com\/blog\/wp-json\/wp\/v2\/categories?post=2141"},{"taxonomy":"post_tag","embeddable":true,"href":"https:\/\/www.lapetita.com\/blog\/wp-json\/wp\/v2\/tags?post=2141"}],"curies":[{"name":"wp","href":"https:\/\/api.w.org\/{rel}","templated":true}]}}