{"id":2148,"date":"2019-03-23T20:58:15","date_gmt":"2019-03-23T20:58:15","guid":{"rendered":"http:\/\/elblogdelapetita.com\/?p=2148"},"modified":"2019-03-23T20:58:15","modified_gmt":"2019-03-23T20:58:15","slug":"entrevista-a-suzy-lee","status":"publish","type":"post","link":"https:\/\/www.lapetita.com\/blog\/entrevista-a-suzy-lee\/","title":{"rendered":"Entrevista a Suzy Lee"},"content":{"rendered":"<p><span style=\"font-weight:400;\">El divendres 15 de mar\u00e7, gr\u00e0cies al festival FLIC i a l&#8217;editorial Barbara Fiore, vam tenir la sort d&#8217;entrevistar a Suzy Lee, una autora i il\u00b7lustradora d&#8217;\u00e0lbum que ens meravella per les seves composicions i \u00fas del suport llibre com a element de la hist\u00f2ria.<img loading=\"lazy\" decoding=\"async\" class=\" size-medium wp-image-2149 alignleft\" src=\"https:\/\/www.lapetita.com\/es\/blog\/wp-content\/uploads\/2019\/03\/suzy-lee.jpg?w=257\" alt=\"SUZY LEE\" width=\"257\" height=\"300\" srcset=\"https:\/\/www.lapetita.com\/blog\/wp-content\/uploads\/2019\/03\/suzy-lee.jpg 925w, https:\/\/www.lapetita.com\/blog\/wp-content\/uploads\/2019\/03\/suzy-lee-257x300.jpg 257w, https:\/\/www.lapetita.com\/blog\/wp-content\/uploads\/2019\/03\/suzy-lee-878x1024.jpg 878w, https:\/\/www.lapetita.com\/blog\/wp-content\/uploads\/2019\/03\/suzy-lee-768x896.jpg 768w\" sizes=\"(max-width: 257px) 100vw, 257px\" \/><\/span><\/p>\n<p><span style=\"font-weight:400;\">Ara ja fa for\u00e7a anys que treballes com a il\u00b7lustradora, quina va ser la teva primera feina en el sector?<\/span><\/p>\n<p><b>La primera feina\u2026 Em van encarregar il\u00b7lustrar un llibre juvenil de ficci\u00f3. Era l&#8217;aventura d&#8217;un noi que anava lluny a l&#8217;oce\u00e0. Va ser el primer i ara realment no el vull veure. Perqu\u00e8 no tenia cap idea del que havia de fer. Vaig estudiar pintura a la universitat i vaig agafar aquella feina per viure. Sabia dibuixar i vaig pensar que podia dibuixar qualsevol cosa, per\u00f2 la feina d\u2019il\u00b7lustrar va ser molt dif\u00edcil per mi. Va ser la primera vegada i ho vaig fer tan b\u00e9 com vaig poder, per\u00f2 no ho vull tornar a veure!<\/b><\/p>\n<p><span style=\"font-weight:400;\">La teva feina com a il\u00b7lustradora, et ve de fam\u00edlia? Com vas comen\u00e7ar en el m\u00f3n de l&#8217;art?<\/span><\/p>\n<p><b>Els meus pares no eren artistes, per\u00f2 eren gent art\u00edstica; els encantava l&#8217;art i em van donar el seu suport quan els vaig dir: vull ser artista en un futur. Vaig ser una nena que dibuixava tot el dia, m&#8217;encantava. Pensava que ser artista era cosa del dest\u00ed. No s\u00e9 per qu\u00e8, potser pensava que era for\u00e7a bona, per\u00f2 tinc dibuixos que vaig fer quan era jove i s\u00f3n terribles en realitat.<\/b><\/p>\n<p><span style=\"font-weight:400;\">En els teus llibres veiem que \u00e9s important la materialitat del llibre com a element narratiu. Com vas pensar que el plec del llibre podia ser un element de la hist\u00f2ria?<\/span><\/p>\n<p><b>Potser \u00e9s perqu\u00e8 vaig comen\u00e7ar pintant i era molt conscient del suport amb el qual estava tractant. No \u00e9s nom\u00e9s il\u00b7lustraci\u00f3 per un llibre, no s\u00f3n nom\u00e9s imatges dins d&#8217;un llibre. Volia adonar-me quina mena de mitj\u00e0 \u00e9s un llibre, volia entendre el mitj\u00e0. <\/b><\/p>\n<p><b>Des d&#8217;aquest punt de vista, estava observant tots els elements d&#8217;un llibre: per qu\u00e8 aquest llibre t\u00e9 forma rectangular? Per qu\u00e8 en aquest llibre la p\u00e0gina es gira en una direcci\u00f3 determinada? Per qu\u00e8 aquest llibre se sent aix\u00ed? Aquest \u00e9s l&#8217;inici, crec.<\/b><\/p>\n<p><span style=\"font-weight:400;\">Tamb\u00e9 ens sorpr\u00e8n sempre el teu \u00fas del color, la import\u00e0ncia del blanc en la p\u00e0gina\u2026 Com et planteges les gammes crom\u00e0tiques?<\/span><\/p>\n<p><b>B\u00e9, dep\u00e8n dels llibres. Com em centro en el llibre com a mitj\u00e0, vaig pensar que potser tot tenia el seu propi significat. Si tinc en compte la forma del llibre, hi hauria d&#8217;haver una ra\u00f3 per utilitzar-la. Si utilitzo el color blau, hi ha d&#8217;haver una ra\u00f3 per fer-ho. <\/b><\/p>\n<p><b>Per exemple a \u201cLa Ola\u201d, al principi del llibre no hi ha color \u00a0al vestit de la nena per\u00f2 despr\u00e9s de jugar amb les onades es torna blau. Potser alguns lectors se&#8217;n poden adonar i poden fer-ne hist\u00f2ries. Aix\u00f2 \u00e9s el que pretenia fer.<\/b><\/p>\n<p><span style=\"font-weight:400;\">Des d&#8217;on il\u00b7lustres? Des del cor, cap\u2026?<\/span><\/p>\n<p><b>Amb les meves mans? [Riu] \u00c9s una combinaci\u00f3 de tot, necessites tenir un cor, per endinsar-te al m\u00f3n dels infants i has de ser molt raonable per pensar una hist\u00f2ria i fer un proc\u00e9s l\u00f2gic per fer que la gent l\u2019entengui.<\/b><\/p>\n<p><span style=\"font-weight:400;\">Com \u00e9s el teu proc\u00e9s de treball? Tens una manera de comen\u00e7ar un projecte?<\/span><\/p>\n<p><b>Tinc un quadern d&#8217;esbossos ple d&#8217;idees. No s\u00f3n idees elaborades, cada dia escric alguna cosa que m&#8217;hagi inspirat, algunes paraules, text, imatges\u2026 I de sobte tenen sentit. Si formen una hist\u00f2ria, esdevenen un llibre.<img loading=\"lazy\" decoding=\"async\" class=\" size-medium wp-image-2151 alignright\" src=\"https:\/\/www.lapetita.com\/es\/blog\/wp-content\/uploads\/2019\/03\/suzy-lee_2.jpg?w=300\" alt=\"SUZY LEE_2\" width=\"300\" height=\"168\" srcset=\"https:\/\/www.lapetita.com\/blog\/wp-content\/uploads\/2019\/03\/suzy-lee_2.jpg 1914w, https:\/\/www.lapetita.com\/blog\/wp-content\/uploads\/2019\/03\/suzy-lee_2-300x168.jpg 300w, https:\/\/www.lapetita.com\/blog\/wp-content\/uploads\/2019\/03\/suzy-lee_2-1024x572.jpg 1024w, https:\/\/www.lapetita.com\/blog\/wp-content\/uploads\/2019\/03\/suzy-lee_2-768x429.jpg 768w, https:\/\/www.lapetita.com\/blog\/wp-content\/uploads\/2019\/03\/suzy-lee_2-1536x859.jpg 1536w\" sizes=\"(max-width: 300px) 100vw, 300px\" \/><\/b><\/p>\n<p><span style=\"font-weight:400;\">\u00c9s una feina di\u00e0ria.<\/span><\/p>\n<p><b>Si, i normalment el llibre previ \u00e9s una mena de base pel seg\u00fcent. No \u00e9s nom\u00e9s que la inspiraci\u00f3 vingui del cel, \u00e9s desenvolupant idees que arriba el proper llibre.<\/b><\/p>\n<p><span style=\"font-weight:400;\">I creus que \u00e9s diferent quan tens un text donat per un escriptor que quan penses en una hist\u00f2ria com a autora?<\/span><\/p>\n<p><b>Si, crec que \u00e9s un proc\u00e9s diferent. Si agafo el manuscrit d&#8217;un autor, sempre hi ha elements de sorpresa que jo no tindr\u00e9 quan il\u00b7lustri. Si m&#8217;agrada la idea l\u2019agafo, per\u00f2 quan faig llibres per mi mateixa, normalment \u00e9s perqu\u00e8 vull experimentar amb la forma, llavors es torna un proc\u00e9s diferent.<\/b><\/p>\n<p><span style=\"font-weight:400;\">En el teu llibre \u201cLa trilogia del l\u00edmite\u201d comences explicant una an\u00e8cdota en qu\u00e8 et preguntaven per una p\u00e0gina en blanc en un dels teus llibres. Creus que amb el desenvolupament que ha tingut l&#8217;\u00e0lbum els \u00faltims anys podria tornar a passar?<\/span><\/p>\n<p><b>Si, per qu\u00e8 no? En el llibre \u201cEspejo\u201d hi ha una doble p\u00e0gina en blanc. I molta gent va pensar que era un error d&#8217;impremta, no hi havia cap imatge. Una llibreria japonesa em va escriure sobre aix\u00f2: era la teva intenci\u00f3 o no est\u00e0 impr\u00e8s?<\/b><\/p>\n<p><span style=\"font-weight:400;\">Normalment preguntem sobre els referents que et van fer comen\u00e7ar a dibuixar, per\u00f2 quins s\u00f3n els teus referents actuals?<\/span><\/p>\n<p><b>B\u00e9, la ra\u00f3 per la qual he vingut a Barcelona \u00e9s descobrir els preciosos llibres que es fan a Espanya. Crec que no vaig comen\u00e7ar a fer llibres il\u00b7lustrats per assemblar-me a ning\u00fa, per\u00f2 totes les imatges al voltant del m\u00f3n s\u00f3n grans mestres per mi.<\/b><\/p>\n<p><span style=\"font-weight:400;\">I n&#8217;hi ha una pila ara! Tens algun nou projecte entre mans?<\/span><\/p>\n<p><b>Estic treballant en un projecte secret per\u00f2 ara he publicat un nou llibre a Korea i a It\u00e0lia. Tracta sobre el meu gos. Les hist\u00f2ries sobre gossos sempre s\u00f3n tristes, est\u00e0 basat en una hist\u00f2ria real. Vaig tenir un gos abandonat i maltractat que em van donar uns amics. \u00c9rem molt feli\u00e7os junts per\u00f2 vaig estar fora uns mesos i durant el temps que era lluny va passar una cosa. \u00c9s la hist\u00f2ria d&#8217;aquest gos.<\/b><\/p>\n<p><img loading=\"lazy\" decoding=\"async\" class=\"aligncenter size-large wp-image-2150\" src=\"https:\/\/www.lapetita.com\/es\/blog\/wp-content\/uploads\/2019\/03\/dsc_0108.jpg?w=1024\" alt=\"DSC_0108\" width=\"1024\" height=\"681\" \/><\/p>\n","protected":false},"excerpt":{"rendered":"<p>El divendres 15 de mar\u00e7, gr\u00e0cies al festival FLIC i a l&#8217;editorial Barbara Fiore, vam tenir la sort d&#8217;entrevistar a Suzy Lee, una autora i il\u00b7lustradora d&#8217;\u00e0lbum que ens meravella per les seves composicions i \u00fas del suport llibre com a element de la hist\u00f2ria. Ara ja fa for\u00e7a anys que treballes com a il\u00b7lustradora, [&hellip;]<\/p>\n","protected":false},"author":4,"featured_media":2149,"comment_status":"open","ping_status":"open","sticky":false,"template":"","format":"standard","meta":{"footnotes":""},"categories":[6,36,29,33,70],"tags":[149,155,210,217,231,324],"_links":{"self":[{"href":"https:\/\/www.lapetita.com\/blog\/wp-json\/wp\/v2\/posts\/2148"}],"collection":[{"href":"https:\/\/www.lapetita.com\/blog\/wp-json\/wp\/v2\/posts"}],"about":[{"href":"https:\/\/www.lapetita.com\/blog\/wp-json\/wp\/v2\/types\/post"}],"author":[{"embeddable":true,"href":"https:\/\/www.lapetita.com\/blog\/wp-json\/wp\/v2\/users\/4"}],"replies":[{"embeddable":true,"href":"https:\/\/www.lapetita.com\/blog\/wp-json\/wp\/v2\/comments?post=2148"}],"version-history":[{"count":0,"href":"https:\/\/www.lapetita.com\/blog\/wp-json\/wp\/v2\/posts\/2148\/revisions"}],"wp:featuredmedia":[{"embeddable":true,"href":"https:\/\/www.lapetita.com\/blog\/wp-json\/wp\/v2\/media\/2149"}],"wp:attachment":[{"href":"https:\/\/www.lapetita.com\/blog\/wp-json\/wp\/v2\/media?parent=2148"}],"wp:term":[{"taxonomy":"category","embeddable":true,"href":"https:\/\/www.lapetita.com\/blog\/wp-json\/wp\/v2\/categories?post=2148"},{"taxonomy":"post_tag","embeddable":true,"href":"https:\/\/www.lapetita.com\/blog\/wp-json\/wp\/v2\/tags?post=2148"}],"curies":[{"name":"wp","href":"https:\/\/api.w.org\/{rel}","templated":true}]}}