{"id":2157,"date":"2019-04-14T20:58:11","date_gmt":"2019-04-14T20:58:11","guid":{"rendered":"http:\/\/elblogdelapetita.com\/?p=2157"},"modified":"2019-04-14T20:58:11","modified_gmt":"2019-04-14T20:58:11","slug":"recomanacions-per-sant-jordi-per-0-3-anys","status":"publish","type":"post","link":"https:\/\/www.lapetita.com\/blog\/recomanacions-per-sant-jordi-per-0-3-anys\/","title":{"rendered":"Recomanacions per Sant Jordi per 0-3 anys"},"content":{"rendered":"<p dir=\"ltr\"><img loading=\"lazy\" decoding=\"async\" class=\"alignnone size-full wp-image-2159\" src=\"https:\/\/www.lapetita.com\/es\/blog\/wp-content\/uploads\/2019\/04\/0-3_0.jpg\" alt=\"0-3_0.jpg\" width=\"3024\" height=\"3104\" \/><\/p>\n<p id=\"docs-internal-guid-9e762b0a-7fff-6c27-104e-e7c16eb77f4a\" dir=\"ltr\" style=\"line-height:1.38;margin-top:0;margin-bottom:0;\">Arriben les recomanacions de Sant Jordi! Comenecem pels m\u00e9s petitons&#8230;<\/p>\n<p dir=\"ltr\">\n<p><b>Deu cucs que dormen<\/b><span style=\"font-weight:400;\">, <\/span><i><span style=\"font-weight:400;\">Marta Com\u00edn<\/span><\/i><span style=\"font-weight:400;\">, Editorial Abuenpaso<\/span><\/p>\n<p><img loading=\"lazy\" decoding=\"async\" class=\"  wp-image-2160 alignright\" src=\"https:\/\/www.lapetita.com\/es\/blog\/wp-content\/uploads\/2019\/04\/0-3_5.jpg\" alt=\"0-3_5.jpg\" width=\"449\" height=\"330\" \/><\/p>\n<p><span style=\"font-weight:400;\">Deu cuquets de colors ben diferents dormen acotxats per la mare. Tots ells, somien grans aventures: el cuc groc vola molt enlaire convertit en la pota d&#8217;un ocell, el cuc verd va de viatge en una poma\u2026 <\/span><\/p>\n<p><span style=\"font-weight:400;\">Abuenpaso ens presenta aquest tendre \u00e0lbum amb p\u00e0gines de cartr\u00f3 en que Marta Com\u00edn us far\u00e0 jugar a buscar els cuquets integrats en la il\u00b7lustraci\u00f3 i aprendre els colors. <\/span><\/p>\n<p><span style=\"font-weight:400;\">Com els deu cuquets de la hist\u00f2ria, els deu dits de les vostres mans es podran convertir en part de les il\u00b7lustracions d&#8217;animals que trobareu als cartronets pretallats del final del llibre. <\/span><\/p>\n<p><b>Qui s\u00f3c?<\/b><span style=\"font-weight:400;\">,<\/span><i><span style=\"font-weight:400;\">Tristan Mory<\/span><\/i><span style=\"font-weight:400;\">, Combel<\/span><\/p>\n<p><span style=\"font-weight:400;\">Desplegables<img loading=\"lazy\" decoding=\"async\" class=\"  wp-image-2161 alignright\" src=\"https:\/\/www.lapetita.com\/es\/blog\/wp-content\/uploads\/2019\/04\/0-3_1.jpg\" alt=\"0-3_1.jpg\" width=\"454\" height=\"227\" \/><\/span><\/p>\n<p><span style=\"font-weight:400;\">Nyam-nyam! Qui rosega pastanagues sense parar? Uuu, uuu\u2026 Qui obre els ulls quan cau la nit?<\/span><\/p>\n<p><span style=\"font-weight:400;\">Entre senzilles endevinalles, tot d&#8217;animals s&#8217;amaguen dins de les gruixudes p\u00e0gines de cartr\u00f3 d&#8217;aquest llibre. <\/span><\/p>\n<p><span style=\"font-weight:400;\">Estirant les lleng\u00fcetes podreu fer apar\u00e8ixer les misterioses bestioles i descobrir de manera l\u00fadica els seus noms i sons. <\/span><\/p>\n<p><span style=\"font-weight:400;\">Combel publica un llibre totalment interactiu amb les il\u00b7lustracions de colors vius de Tristan Mory, ideals per passar una bona estona amb els m\u00e9s menuts.<\/span><\/p>\n<p><b>Un dia en el oc\u00e9ano<\/b><span style=\"font-weight:400;\">, <\/span><i><span style=\"font-weight:400;\">Ella Bailey<\/span><\/i><span style=\"font-weight:400;\">, Editorial SM<\/span><\/p>\n<p><span style=\"font-weight:400;\">La petita cria de dof\u00ed mular neda feli\u00e7 entre la resta de dofins que la protegeixen, d&#8217;una banda a l&#8217;altra del mar. Quan de sobte troba a una cria de balena que ha perdut la seva mare\u2026 Amb molta valentia, l\u2019acompanyar\u00e0 per tot de paratges, trobant animals marins de tota mena. <\/span><\/p>\n<p><img loading=\"lazy\" decoding=\"async\" class=\"alignnone size-full wp-image-2162\" src=\"https:\/\/www.lapetita.com\/es\/blog\/wp-content\/uploads\/2019\/04\/0-3_3.jpg\" alt=\"0-3_3.jpg\" width=\"3884\" height=\"2116\" \/><\/p>\n<p><span style=\"font-weight:400;\">Aquest \u00e0lbum, el quart d&#8217;una col\u00b7lecci\u00f3 sobre diferents h\u00e0bitats naturals i la seva fauna, \u00e9s a la vegada un \u00a0llibre de coneixements, explicant alguns conceptes de fauna i medi, i un busca-i-troba, amagant entre les il\u00b7lustracions interiors els animals que apareixen a les guardes.<\/span><\/p>\n<p><b>Ai, pobre noi<\/b><span style=\"font-weight:400;\">, <\/span><i><span style=\"font-weight:400;\">Ellanna Allen<\/span><\/i><span style=\"font-weight:400;\">, Editorial La Casita Roja<\/span><\/p>\n<p><span style=\"font-weight:400;\">El petit peix globus neda sempre a l&#8217;aguait, el mar \u00e9s ple de perills. De cop i volta, uns grans ulls l&#8217;observen molt a prop\u2026 Un tentacle li passa pel costat\u2026 Ai, pobre noi!<\/span><\/p>\n<p><span style=\"font-weight:400;\">Atemorit, intentar\u00e0 fugir dels tentacles del gran pop que el mareja d&#8217;una banda a l&#8217;altra per distreure\u2019l i menjar-se&#8217;l d&#8217;una queixalada! <\/span><\/p>\n<p><span style=\"font-weight:400;\"><img loading=\"lazy\" decoding=\"async\" class=\"alignnone size-full wp-image-2164\" src=\"https:\/\/www.lapetita.com\/es\/blog\/wp-content\/uploads\/2019\/04\/0-3_4-1.jpg\" alt=\"0-3_4\" width=\"3950\" height=\"2313\" \/><\/span><\/p>\n<p><span style=\"font-weight:400;\">El que no sap el pop \u00e9s que el peixet no est\u00e0 tan indefens com sembla&#8230;\u00a0<\/span><\/p>\n<p><span style=\"font-weight:400;\">La Casita Roja ens porta un \u00e0lbum ideal per prelectors gr\u00e0cies a la seva estructura repetitiva, una gamma crom\u00e0tica clara i els personatges expressius creats per Ellana Allen.<\/span><\/p>\n","protected":false},"excerpt":{"rendered":"<p>Arriben les recomanacions de Sant Jordi! Comenecem pels m\u00e9s petitons&#8230; Deu cucs que dormen, Marta Com\u00edn, Editorial Abuenpaso Deu cuquets de colors ben diferents dormen acotxats per la mare. Tots ells, somien grans aventures: el cuc groc vola molt enlaire convertit en la pota d&#8217;un ocell, el cuc verd va de viatge en una poma\u2026 [&hellip;]<\/p>\n","protected":false},"author":4,"featured_media":2159,"comment_status":"open","ping_status":"open","sticky":false,"template":"","format":"standard","meta":{"footnotes":""},"categories":[6,7,8,11,36,24,49,86,109],"tags":[125,142,173,246,306,322],"_links":{"self":[{"href":"https:\/\/www.lapetita.com\/blog\/wp-json\/wp\/v2\/posts\/2157"}],"collection":[{"href":"https:\/\/www.lapetita.com\/blog\/wp-json\/wp\/v2\/posts"}],"about":[{"href":"https:\/\/www.lapetita.com\/blog\/wp-json\/wp\/v2\/types\/post"}],"author":[{"embeddable":true,"href":"https:\/\/www.lapetita.com\/blog\/wp-json\/wp\/v2\/users\/4"}],"replies":[{"embeddable":true,"href":"https:\/\/www.lapetita.com\/blog\/wp-json\/wp\/v2\/comments?post=2157"}],"version-history":[{"count":0,"href":"https:\/\/www.lapetita.com\/blog\/wp-json\/wp\/v2\/posts\/2157\/revisions"}],"wp:featuredmedia":[{"embeddable":true,"href":"https:\/\/www.lapetita.com\/blog\/wp-json\/wp\/v2\/media\/2159"}],"wp:attachment":[{"href":"https:\/\/www.lapetita.com\/blog\/wp-json\/wp\/v2\/media?parent=2157"}],"wp:term":[{"taxonomy":"category","embeddable":true,"href":"https:\/\/www.lapetita.com\/blog\/wp-json\/wp\/v2\/categories?post=2157"},{"taxonomy":"post_tag","embeddable":true,"href":"https:\/\/www.lapetita.com\/blog\/wp-json\/wp\/v2\/tags?post=2157"}],"curies":[{"name":"wp","href":"https:\/\/api.w.org\/{rel}","templated":true}]}}