{"id":2166,"date":"2019-04-17T18:42:25","date_gmt":"2019-04-17T18:42:25","guid":{"rendered":"http:\/\/elblogdelapetita.com\/?p=2166"},"modified":"2019-04-17T18:42:25","modified_gmt":"2019-04-17T18:42:25","slug":"recomanacions-per-sant-jordi-per-3-6-anys","status":"publish","type":"post","link":"https:\/\/www.lapetita.com\/blog\/recomanacions-per-sant-jordi-per-3-6-anys\/","title":{"rendered":"Recomanacions per Sant Jordi per 3-6 anys"},"content":{"rendered":"<p><img loading=\"lazy\" decoding=\"async\" class=\"alignnone size-full wp-image-2167\" src=\"https:\/\/www.lapetita.com\/es\/blog\/wp-content\/uploads\/2019\/04\/3-6_1.jpg\" alt=\"3-6_1.jpg\" width=\"2919\" height=\"3097\" \/><\/p>\n<p>Seguim el compte enrere per Sant Jordi amb les recomanacions per infants de tres a sis anys!<\/p>\n<p><b>Mama Bruce<\/b><span style=\"font-weight:400;\">, <\/span><i><span style=\"font-weight:400;\">Ryan T. Higgins<\/span><\/i><span style=\"font-weight:400;\">, Barcanova Editorial <\/span><\/p>\n<p><span style=\"font-weight:400;\">En Bruce \u00e9s un \u00f3s rondinaire i no li agrada res, ni la pluja, ni el sol\u2026 Res de res. L&#8217;\u00fanica cosa que li agrada s\u00f3n els ous i buscar noves receptes per internet.<img loading=\"lazy\" decoding=\"async\" class=\"alignnone size-full wp-image-2168\" src=\"https:\/\/www.lapetita.com\/es\/blog\/wp-content\/uploads\/2019\/04\/3-6_2.jpg\" alt=\"3-6_2.jpg\" width=\"3404\" height=\"1608\" \/><\/span><\/p>\n<p><span style=\"font-weight:400;\">Al trobar una recepta de salm\u00f3 amb mel i ous d&#8217;oca, surt a la recerca dels ingredients. Ho t\u00e9 tot a punt, els ous s\u00f3n a la cassola, el salm\u00f3 llest\u2026 I la cuina es queda sense llenya. En tornar d&#8217;agafar algun tronquet, all\u00e0 on hi havia els ous, hi han aparegut tres petites oques! I criden MAMA!<\/span><\/p>\n<p><b>Lenny llam\u00e0ntol es queda a sopar<\/b><span style=\"font-weight:400;\">,\u00a0<i>Finn Bucley, Michael Buckley i Catherine Meurisse,<\/i> Libros del Zorro Rojo<\/span><\/p>\n<p><span style=\"font-weight:400;\">A en Lenny Llam\u00e0ntol l&#8217;han convidat a un sopar de gala. Es vesteix amb les seves millors gales, sap que l&#8217;esperen amb candeletes! Quan arriba, queda molt sorpr\u00e8s\u2026 Tots porten un pitet amb la seva foto! Quina meravella! Semblen tan feli\u00e7os de veure&#8217;l\u2026 <\/span><\/p>\n<p><span style=\"font-weight:400;\">Per\u00f2\u2026 Qu\u00e8 creieu que \u00e9s millor, que s&#8217;hi quedi a sopar o fugi?<\/span><\/p>\n<p><span style=\"font-weight:400;\"><br \/>\n<img loading=\"lazy\" decoding=\"async\" class=\" size-full wp-image-2169 alignright\" src=\"https:\/\/www.lapetita.com\/es\/blog\/wp-content\/uploads\/2019\/04\/3-6_3.jpg\" alt=\"3-6_3.jpg\" width=\"3611\" height=\"2560\" \/><\/span><\/p>\n<p><span style=\"font-weight:400;\">Aquest divertit \u00e0lbum de Libros del Zorro Rojo, amb les il\u00b7lustracions de tra\u00e7 solt de Catherine Meurisse, us far\u00e0 triar qu\u00e8 voleu que faci en Lenny per saber com continua el gran sopar. Qu\u00e8 triareu?<\/span><\/p>\n<p><b>El mar ho va veure<\/b><span style=\"font-weight:400;\">, <i>Tom Percival<\/i>, Andana Editorial<\/span><\/p>\n<p><span style=\"font-weight:400;\">La Sofia t\u00e9 un osset de peluix que s&#8217;estima amb bogeria, el porta a tot arreu i abans de ser seu, va ser del seu avi i de la seva mare, que li va donar quan va n\u00e9ixer.<\/span><\/p>\n<p><span style=\"font-weight:400;\">Un dia de picnic a la platja, una violenta tempesta els fa sortir corrent per arrecerar-se i malauradament, l&#8217;osset cau de la bossa i es perd. <\/span><\/p>\n<p><img loading=\"lazy\" decoding=\"async\" class=\"alignnone size-full wp-image-2170\" src=\"https:\/\/www.lapetita.com\/es\/blog\/wp-content\/uploads\/2019\/04\/3-6_4.jpg\" alt=\"3-6_4.jpg\" width=\"3708\" height=\"1896\" \/><\/p>\n<p><span style=\"font-weight:400;\">El peluix far\u00e0 un llarg viatge per mars i oceans per tornar amb la nena, molt trista despr\u00e9s de la p\u00e8rdua.<\/span><\/p>\n<p><i><span style=\"font-weight:400;\">El mar ho va veure<\/span><\/i><span style=\"font-weight:400;\"> \u00e9s un \u00e0lbum tendre i colpidor que amb la il\u00b7lustraci\u00f3 pict\u00f2rica de Tom Percival, ens transporta a trav\u00e9s del temps i l&#8217;espai.<\/span><\/p>\n<p><b>Pop-up Lluna<\/b><span style=\"font-weight:400;\">,\u00a0<i>Anne Jankeliowitch, Olivier Charbonnel i Annabelle Buxton<\/i>, Baula Editorial<\/span><\/p>\n<p><span style=\"font-weight:400;\">Segur que cada nit quan mireu el cel i hi brilla la Lluna, us venen al cap una pila de preguntes sobre aquest astre. Aquest espectacular pop-up de coneixements us en resoldr\u00e0 unes quantes! <\/span><\/p>\n<p><img loading=\"lazy\" decoding=\"async\" class=\"alignnone size-full wp-image-2171\" src=\"https:\/\/www.lapetita.com\/es\/blog\/wp-content\/uploads\/2019\/04\/3-6_5.jpg\" alt=\"3-6_5.jpg\" width=\"3354\" height=\"2382\" \/><\/p>\n<p><span style=\"font-weight:400;\">Entre els espectaculars desplegables que s\u2019amaguen entre les p\u00e0gines, trobareu tot de curiositats que us faran descobrir des dels seus or\u00edgens a la mitologia que l&#8217;envolta i com hi va arribar l&#8217;\u00e9sser hum\u00e0.<\/span><\/p>\n<p><span style=\"font-weight:400;\">Entre un munt de curiositats, podreu aprendre perqu\u00e8 fa cinquanta anys va ser tan important caminar sobre la Lluna.<\/span><\/p>\n","protected":false},"excerpt":{"rendered":"<p>Seguim el compte enrere per Sant Jordi amb les recomanacions per infants de tres a sis anys! Mama Bruce, Ryan T. Higgins, Barcanova Editorial En Bruce \u00e9s un \u00f3s rondinaire i no li agrada res, ni la pluja, ni el sol\u2026 Res de res. L&#8217;\u00fanica cosa que li agrada s\u00f3n els ous i buscar noves [&hellip;]<\/p>\n","protected":false},"author":4,"featured_media":2167,"comment_status":"open","ping_status":"open","sticky":false,"template":"","format":"standard","meta":{"footnotes":""},"categories":[6,7,8,11,36,25,37,70,94,109],"tags":[139,158,190,260,305,306,318],"_links":{"self":[{"href":"https:\/\/www.lapetita.com\/blog\/wp-json\/wp\/v2\/posts\/2166"}],"collection":[{"href":"https:\/\/www.lapetita.com\/blog\/wp-json\/wp\/v2\/posts"}],"about":[{"href":"https:\/\/www.lapetita.com\/blog\/wp-json\/wp\/v2\/types\/post"}],"author":[{"embeddable":true,"href":"https:\/\/www.lapetita.com\/blog\/wp-json\/wp\/v2\/users\/4"}],"replies":[{"embeddable":true,"href":"https:\/\/www.lapetita.com\/blog\/wp-json\/wp\/v2\/comments?post=2166"}],"version-history":[{"count":0,"href":"https:\/\/www.lapetita.com\/blog\/wp-json\/wp\/v2\/posts\/2166\/revisions"}],"wp:featuredmedia":[{"embeddable":true,"href":"https:\/\/www.lapetita.com\/blog\/wp-json\/wp\/v2\/media\/2167"}],"wp:attachment":[{"href":"https:\/\/www.lapetita.com\/blog\/wp-json\/wp\/v2\/media?parent=2166"}],"wp:term":[{"taxonomy":"category","embeddable":true,"href":"https:\/\/www.lapetita.com\/blog\/wp-json\/wp\/v2\/categories?post=2166"},{"taxonomy":"post_tag","embeddable":true,"href":"https:\/\/www.lapetita.com\/blog\/wp-json\/wp\/v2\/tags?post=2166"}],"curies":[{"name":"wp","href":"https:\/\/api.w.org\/{rel}","templated":true}]}}