{"id":2197,"date":"2019-05-18T14:13:46","date_gmt":"2019-05-18T14:13:46","guid":{"rendered":"http:\/\/elblogdelapetita.com\/?p=2197"},"modified":"2019-05-18T14:13:46","modified_gmt":"2019-05-18T14:13:46","slug":"recomanacio-pompas-de-jabon","status":"publish","type":"post","link":"https:\/\/www.lapetita.com\/blog\/recomanacio-pompas-de-jabon\/","title":{"rendered":"Recomanaci\u00f3&#8230; Pompas de jab\u00f3n"},"content":{"rendered":"<p><img loading=\"lazy\" decoding=\"async\" class=\"alignnone size-full wp-image-2198\" src=\"https:\/\/www.lapetita.com\/es\/blog\/wp-content\/uploads\/2019\/05\/pompas_1.jpg\" alt=\"POMPAS_1.jpg\" width=\"2476\" height=\"3424\" \/><\/p>\n<p><span style=\"font-weight:400;\">Els llavis fent una O per on surten bombolles de sab\u00f3. L&#8217;escalfor de l&#8217;estiu traient el cap i fent madurar les cireres. Comen\u00e7ar un nou curs i estrenar llibretes i colors. Caminar sota la pluja i trobar una llibreria plena de llibres per descobrir\u2026<\/span><\/p>\n<p><span style=\"font-weight:400;\">Tots aquests petits instants m\u00e0gics, i molts m\u00e9s, es troben dins d&#8217;aquest meravell\u00f3s \u00e0lbum d&#8217;Emma Giuliani. <\/span><\/p>\n<p><img loading=\"lazy\" decoding=\"async\" class=\"alignnone size-full wp-image-2199\" src=\"https:\/\/www.lapetita.com\/es\/blog\/wp-content\/uploads\/2019\/05\/pompas_2.jpg\" alt=\"POMPAS_2\" width=\"2979\" height=\"2540\" \/><\/p>\n<p><span style=\"font-weight:400;\">Despr\u00e9s del seu anterior i reconegut \u00e0lbum Ver la luz, ens porta a rec\u00f3rrer espais i moments en que les seves il\u00b7lustracions, plenes de delicadesa, mantenen un po\u00e8tic di\u00e0leg amb el text i converteixen al lector en part\u00edcip d&#8217;aquells instants mitjan\u00e7ant pestanyes, relleus, desplegables, fils\u2026 Aconseguint que tots els sentits s&#8217;involucrin en la lectura.<\/span><\/p>\n<p><span style=\"font-weight:400;\">K\u00f3kinos ens porta un \u00e0lbum que escalfa l&#8217;\u00e0nima i ens porta a recordar i compartir breus instants de felicitat.<\/span><\/p>\n<p><b>Pompas de jab\u00f3n, <\/b><i><span style=\"font-weight:400;\">Emma Giulianni, <\/span><\/i><span style=\"font-weight:400;\">K\u00f3kinos<\/span><\/p>\n","protected":false},"excerpt":{"rendered":"<p>Els llavis fent una O per on surten bombolles de sab\u00f3. L&#8217;escalfor de l&#8217;estiu traient el cap i fent madurar les cireres. Comen\u00e7ar un nou curs i estrenar llibretes i colors. Caminar sota la pluja i trobar una llibreria plena de llibres per descobrir\u2026 Tots aquests petits instants m\u00e0gics, i molts m\u00e9s, es troben dins [&hellip;]<\/p>\n","protected":false},"author":4,"featured_media":2198,"comment_status":"open","ping_status":"open","sticky":false,"template":"","format":"standard","meta":{"footnotes":""},"categories":[6,7,8,36,70,86,98],"tags":[194,207,340],"_links":{"self":[{"href":"https:\/\/www.lapetita.com\/blog\/wp-json\/wp\/v2\/posts\/2197"}],"collection":[{"href":"https:\/\/www.lapetita.com\/blog\/wp-json\/wp\/v2\/posts"}],"about":[{"href":"https:\/\/www.lapetita.com\/blog\/wp-json\/wp\/v2\/types\/post"}],"author":[{"embeddable":true,"href":"https:\/\/www.lapetita.com\/blog\/wp-json\/wp\/v2\/users\/4"}],"replies":[{"embeddable":true,"href":"https:\/\/www.lapetita.com\/blog\/wp-json\/wp\/v2\/comments?post=2197"}],"version-history":[{"count":0,"href":"https:\/\/www.lapetita.com\/blog\/wp-json\/wp\/v2\/posts\/2197\/revisions"}],"wp:featuredmedia":[{"embeddable":true,"href":"https:\/\/www.lapetita.com\/blog\/wp-json\/wp\/v2\/media\/2198"}],"wp:attachment":[{"href":"https:\/\/www.lapetita.com\/blog\/wp-json\/wp\/v2\/media?parent=2197"}],"wp:term":[{"taxonomy":"category","embeddable":true,"href":"https:\/\/www.lapetita.com\/blog\/wp-json\/wp\/v2\/categories?post=2197"},{"taxonomy":"post_tag","embeddable":true,"href":"https:\/\/www.lapetita.com\/blog\/wp-json\/wp\/v2\/tags?post=2197"}],"curies":[{"name":"wp","href":"https:\/\/api.w.org\/{rel}","templated":true}]}}