{"id":2274,"date":"2019-09-30T18:19:40","date_gmt":"2019-09-30T18:19:40","guid":{"rendered":"http:\/\/elblogdelapetita.com\/?p=2274"},"modified":"2019-09-30T18:19:40","modified_gmt":"2019-09-30T18:19:40","slug":"recomanem-la-cabra-zlateh-i-altres-contes","status":"publish","type":"post","link":"https:\/\/www.lapetita.com\/blog\/recomanem-la-cabra-zlateh-i-altres-contes\/","title":{"rendered":"Recomanem&#8230; La cabra Zlateh i altres contes"},"content":{"rendered":"<p><img loading=\"lazy\" decoding=\"async\" class=\"  wp-image-2272 aligncenter\" src=\"https:\/\/elblogdelapetita.files.wordpress.com\/2019\/09\/cabra_1.jpg\" alt=\"CABRA_1\" width=\"377\" height=\"579\" \/><\/p>\n<p><span style=\"font-weight:400;\">Escrit l&#8217;any 1966, \u00abLa cabra Zlateh i altres contes\u00bb, relata set hist\u00f2ries d&#8217;arrel tradicional jueva que transcorren dins d&#8217;un mateix poble, el Reialme de Chelm. Un lloc on els seus habitants freguen la bogeria, troben solucions d\u2019all\u00f2 m\u00e9s estramb\u00f2tiques als seus problemes i utilitzen una l\u00f2gica ben curiosa. Chelm, tamb\u00e9 \u00e9s m\u00e0gic, en alguns dels contes, fins i tot podreu con\u00e8ixer algun dimoni.\u00a0<\/span><\/p>\n<p><span style=\"font-weight:400;\">L&#8217;escriptor Isaac Bashevis Singer, polon\u00e8s jueu que va haver d&#8217;exiliar-se als Estats Units i reconegut amb el Nobel de literatura l&#8217;any 1978, ens presenta un seguit d&#8217;hist\u00f2ries en qu\u00e8 el seu imaginari, ple d&#8217;influ\u00e8ncies de les seves arrels jueves, prenen vida entre les p\u00e0gines del llibre.<\/span><\/p>\n<p><img loading=\"lazy\" decoding=\"async\" class=\"alignnone size-full wp-image-2273\" src=\"https:\/\/elblogdelapetita.files.wordpress.com\/2019\/09\/cabra_2.jpg\" alt=\"CABRA_2\" width=\"2993\" height=\"2210\" \/><\/p>\n<p><span style=\"font-weight:400;\">El text va acompanyat de les meravelloses il\u00b7lustracions de Sendak, que imitant els antics gravats, ens transporta de ple a les hist\u00f2ries cl\u00e0ssiques i tradicionals a la vora del foc.<\/span><\/p>\n<p><span style=\"font-weight:400;\">L&#8217;aparici\u00f3 de personatges molt heterogenis, des de nens valents a \u00e9ssers fant\u00e0stics; l&#8217;humor absurd que inunda les p\u00e0gines del llibre i l&#8217;encant de la tradici\u00f3 oral a la qual remet l&#8217;autor, converteixen aquest recull editat per Kalandraka en una petita joia de la literatura infantil i juvenil.<\/span><\/p>\n","protected":false},"excerpt":{"rendered":"<p>Escrit l&#8217;any 1966, \u00abLa cabra Zlateh i altres contes\u00bb, relata set hist\u00f2ries d&#8217;arrel tradicional jueva que transcorren dins d&#8217;un mateix poble, el Reialme de Chelm. Un lloc on els seus habitants freguen la bogeria, troben solucions d\u2019all\u00f2 m\u00e9s estramb\u00f2tiques als seus problemes i utilitzen una l\u00f2gica ben curiosa. Chelm, tamb\u00e9 \u00e9s m\u00e0gic, en alguns dels [&hellip;]<\/p>\n","protected":false},"author":4,"featured_media":2272,"comment_status":"open","ping_status":"open","sticky":false,"template":"","format":"standard","meta":{"footnotes":""},"categories":[6,7,8,11,70,72,104],"tags":[242,320],"_links":{"self":[{"href":"https:\/\/www.lapetita.com\/blog\/wp-json\/wp\/v2\/posts\/2274"}],"collection":[{"href":"https:\/\/www.lapetita.com\/blog\/wp-json\/wp\/v2\/posts"}],"about":[{"href":"https:\/\/www.lapetita.com\/blog\/wp-json\/wp\/v2\/types\/post"}],"author":[{"embeddable":true,"href":"https:\/\/www.lapetita.com\/blog\/wp-json\/wp\/v2\/users\/4"}],"replies":[{"embeddable":true,"href":"https:\/\/www.lapetita.com\/blog\/wp-json\/wp\/v2\/comments?post=2274"}],"version-history":[{"count":0,"href":"https:\/\/www.lapetita.com\/blog\/wp-json\/wp\/v2\/posts\/2274\/revisions"}],"wp:featuredmedia":[{"embeddable":true,"href":"https:\/\/www.lapetita.com\/blog\/wp-json\/"}],"wp:attachment":[{"href":"https:\/\/www.lapetita.com\/blog\/wp-json\/wp\/v2\/media?parent=2274"}],"wp:term":[{"taxonomy":"category","embeddable":true,"href":"https:\/\/www.lapetita.com\/blog\/wp-json\/wp\/v2\/categories?post=2274"},{"taxonomy":"post_tag","embeddable":true,"href":"https:\/\/www.lapetita.com\/blog\/wp-json\/wp\/v2\/tags?post=2274"}],"curies":[{"name":"wp","href":"https:\/\/api.w.org\/{rel}","templated":true}]}}