{"id":2367,"date":"2019-11-02T12:31:25","date_gmt":"2019-11-02T12:31:25","guid":{"rendered":"http:\/\/elblogdelapetita.com\/?p=2367"},"modified":"2019-11-02T12:31:25","modified_gmt":"2019-11-02T12:31:25","slug":"agenda-del-mes-de-novembre-a-la-llibreria-la-petita-novembre-2019","status":"publish","type":"post","link":"https:\/\/www.lapetita.com\/blog\/agenda-del-mes-de-novembre-a-la-llibreria-la-petita-novembre-2019\/","title":{"rendered":"AGENDA DEL MES DE NOVEMBRE A LA LLIBRERIA LA PETITA Novembre 2019"},"content":{"rendered":"\n<p style=\"background-color:#e7cce3;\" class=\"has-background has-text-align-center\"> <strong>2 de novembre 18.00h.&nbsp;&nbsp; Contacontes amb l&#8217;editorial Juventud<\/strong><br>Primera de les&nbsp;activitats programades per la&nbsp;<strong><a rel=\"noreferrer noopener\" href=\"https:\/\/webdelalbum.org\/\" target=\"_blank\">Setmana de l&#8217;\u00c0lbum<\/a><\/strong><br>L&#8217;editorial Juventud ens convida a una fant\u00e0stica sessi\u00f3 de contacontes per conscienciar sobre la necessitat de cuidar el nostre planeta,&nbsp;amb els contes&nbsp;<strong>La nena dels pardals<\/strong>,<strong>&nbsp;L&#8217;abella i jo<\/strong>, i&nbsp;<strong>Quan el mar va desapar\u00e8ixer<\/strong>.<br><em>+ 3 anys \/ gratu\u00eft, no cal reserva&nbsp;<\/em>(m\u00e9s info&nbsp;<a rel=\"noreferrer noopener\" href=\"https:\/\/webdelalbum.org\/ca\/wda_activity\/cuidem-el-nostre-planeta\/\" target=\"_blank\">aqu\u00ed<\/a>) <\/p>\n\n\n\n<p class=\"has-text-align-center\"> <strong>5 de novembre 17.30h. &nbsp; Contacontes cicle 1-3 anys<\/strong><br>(<em>places exhaurides<\/em>) <\/p>\n\n\n\n<p style=\"background-color:#e7cce3;\" class=\"has-background has-text-align-center\"> <strong>9 de novembre 18.00h.&nbsp;&nbsp;&nbsp;Contacontes amb l&#8217;editorial Libros del&nbsp; Zorro Rojo<\/strong><br>Finalitzem les activitats de la<a rel=\"noreferrer noopener\" href=\"https:\/\/webdelalbum.org\/\" target=\"_blank\">&nbsp;Setmana de l&#8217;\u00c0lbum<\/a>&nbsp;a la llibreria amb una sessi\u00f3&nbsp;de contacontes molt i molt especial. La Patricia McGill&nbsp;ve a La Petita, en aquesta ocasi\u00f3, a celebrar plegats el 15\u00e8 aniversari de l&#8217;editorial Libros del Zorro Rojo, explicant&nbsp;<strong>L&#8217;abella de la mel.<\/strong><br><em>+ 3 anys \/ gratu\u00eft, no cal reserva&nbsp;<\/em> <\/p>\n\n\n\n<p class=\"has-text-align-center\"> <strong>14 de novembre 17.30h. &nbsp; Contacontes cicle 1-3 anys<\/strong><br><em>Cal reserva<\/em>&nbsp;(tota la info&nbsp;<a rel=\"noreferrer noopener\" href=\"https:\/\/elblogdelapetita.com\/calendari-contacontes-1-3-2017\/\" target=\"_blank\">aqu\u00ed<\/a>) <\/p>\n\n\n\n<p style=\"background-color:#e7cce3;\" class=\"has-background has-text-align-center\"> <strong>16 de novembre 18.00h.&nbsp; &nbsp;Storytelling-Contacontes en angl\u00e8s!<\/strong><br>S&#8217;apropa l&#8217;hora d&#8217;anar a dormir, hora de recollir, rentar les dents i llegir pl\u00e0cidament un conte al llit amb la mare. Aix\u00ed de f\u00e0cil? No sempre!<br>Us convidem a escoltar el conte en angl\u00e8s&nbsp;<strong>It&#8217;s Bedtime<\/strong>! de la m\u00e0<br>de la seva autora, la Laura Dall&#8217;Agata.<br><em>+ 3 anys \/ gratu\u00eft, no cal reserva&nbsp;<\/em> <\/p>\n\n\n\n<p class=\"has-text-align-center\"><strong>22 de novembre 18.00h.&nbsp;&nbsp;&nbsp;<\/strong><strong>Cicle Petita il\u00b7lustrada<\/strong><br><strong>Segona sessi\u00f3*: \u00c0lbums po\u00e8tics<\/strong><br>\u00c0lbums no narratius, plens de llistes, de petits poemes, de pensaments<br>encadenats de formes inesperades&#8230; \u00c0lbums on la fragmentaci\u00f3 i<br>els jocs visuals juguen un paper clau.<\/p>\n\n\n\n<p class=\"has-text-align-center has-small-font-size\"><em>Cal reserva anticipada&nbsp;-queden poques places-<\/em><br>(tota la info&nbsp;<a rel=\"noreferrer noopener\" href=\"https:\/\/elblogdelapetita.com\/cicle-la-petita-il%e2%80%a2lustrada\/\" target=\"_blank\">aqu\u00ed)<\/a><br><em>*la primera sessi\u00f3, ajornada per la vaga, la farem a principis de l&#8217;any 2020<\/em><\/p>\n\n\n\n<p style=\"background-color:#5ff094;\" class=\"has-background has-text-align-center\"> <strong>NOU HORARI D&#8217;HIVERN A PARTIR DE L&#8217;1 D&#8217;OCTUBRE<\/strong><br><strong>De dilluns a divendres de 10-14h i de 16.30-20h<br>Dissabtes de 10-14h i de 17-20h<\/strong> <\/p>\n","protected":false},"excerpt":{"rendered":"<p>2 de novembre 18.00h.&nbsp;&nbsp; Contacontes amb l&#8217;editorial JuventudPrimera de les&nbsp;activitats programades per la&nbsp;Setmana de l&#8217;\u00c0lbumL&#8217;editorial Juventud ens convida a una fant\u00e0stica sessi\u00f3 de contacontes per conscienciar sobre la necessitat de cuidar el nostre planeta,&nbsp;amb els contes&nbsp;La nena dels pardals,&nbsp;L&#8217;abella i jo, i&nbsp;Quan el mar va desapar\u00e8ixer.+ 3 anys \/ gratu\u00eft, no cal reserva&nbsp;(m\u00e9s info&nbsp;aqu\u00ed) 5 [&hellip;]<\/p>\n","protected":false},"author":2,"featured_media":2331,"comment_status":"open","ping_status":"open","sticky":false,"template":"","format":"standard","meta":{"footnotes":""},"categories":[12,14,54,70,94,1],"tags":[121,131,132,157],"_links":{"self":[{"href":"https:\/\/www.lapetita.com\/blog\/wp-json\/wp\/v2\/posts\/2367"}],"collection":[{"href":"https:\/\/www.lapetita.com\/blog\/wp-json\/wp\/v2\/posts"}],"about":[{"href":"https:\/\/www.lapetita.com\/blog\/wp-json\/wp\/v2\/types\/post"}],"author":[{"embeddable":true,"href":"https:\/\/www.lapetita.com\/blog\/wp-json\/wp\/v2\/users\/2"}],"replies":[{"embeddable":true,"href":"https:\/\/www.lapetita.com\/blog\/wp-json\/wp\/v2\/comments?post=2367"}],"version-history":[{"count":0,"href":"https:\/\/www.lapetita.com\/blog\/wp-json\/wp\/v2\/posts\/2367\/revisions"}],"wp:featuredmedia":[{"embeddable":true,"href":"https:\/\/www.lapetita.com\/blog\/wp-json\/"}],"wp:attachment":[{"href":"https:\/\/www.lapetita.com\/blog\/wp-json\/wp\/v2\/media?parent=2367"}],"wp:term":[{"taxonomy":"category","embeddable":true,"href":"https:\/\/www.lapetita.com\/blog\/wp-json\/wp\/v2\/categories?post=2367"},{"taxonomy":"post_tag","embeddable":true,"href":"https:\/\/www.lapetita.com\/blog\/wp-json\/wp\/v2\/tags?post=2367"}],"curies":[{"name":"wp","href":"https:\/\/api.w.org\/{rel}","templated":true}]}}