{"id":2388,"date":"2020-02-03T16:40:14","date_gmt":"2020-02-03T16:40:14","guid":{"rendered":"https:\/\/www.lapetita.com\/es\/blog\/?p=2388"},"modified":"2020-02-03T19:27:15","modified_gmt":"2020-02-03T19:27:15","slug":"duelo-al-sol-i-lidioma-dels-animals-premi-la-petita-2019","status":"publish","type":"post","link":"https:\/\/www.lapetita.com\/blog\/duelo-al-sol-i-lidioma-dels-animals-premi-la-petita-2019\/","title":{"rendered":"Duelo al Sol i L&#8217;idioma dels animals, Premi la Petita 2019"},"content":{"rendered":"\n<p>El passat diumenge, 2 de febrer, vam fer p\u00fablics en una cerim\u00f2nia celebrada a l&#8217;edifici de La&nbsp;Juanita, els resultats de la primera edici\u00f3 del <strong>Premi La Petita al Millor llibre de l&#8217;Any.<br> <\/strong><br> El premi va ser atorgat, juntament amb els de la nostra llibreria ve\u00efna,&nbsp;<a href=\"https:\/\/www.nollegiu.cat\/cometierra-de-dolores-reyes-guanyadora-del-premi-nollegiu-2019-inclou-veredicte-del-jurat-amb-totes-les-categories-premiades\/\">Nollegiu<\/a>, despr\u00e9s d&#8217;un per\u00edode d&#8217;un mes de votacions obert a tothom, el qual partia d&#8217;una selecci\u00f3 pr\u00e8via realitzada per l&#8217;organitzaci\u00f3 d&#8217;entre 8 finalistes que complien amb els seg\u00fcents requisits:<br> <br> \u2022 Que haguessin estat publicats en primera edici\u00f3 des de l&#8217;1 de novembre de 2018 fins al 31 d&#8217;octubre de 2019<br> \u2022 Que pertanyessin, fos el que fos el seu g\u00e8nere, a l&#8217;univers de la literatura infantil i juvenil.<br> \u2022 I que ens semblessin llibres extraordinaris que no hi havien rebut fins aleshores l&#8217;atenci\u00f3 del p\u00fablic que considerem que mereixen<br> <br> Doncs b\u00e9, d&#8217;entre els vuit extraordinaris finalistes, les votacions del Jurat Popular a les xarxes, amb m\u00e9s de 600 vots emesos, van donar com a resultat un empat t\u00e8cnic entre&nbsp;<strong>Duelo&nbsp;al Sol, de Manuel&nbsp;Marsol, publicat per&nbsp;Fulgencio&nbsp;Pimentel<\/strong>&nbsp;i <strong>L&#8217;idioma dels animals, de&nbsp;M\u00aa&nbsp;Jos\u00e9 Ferrada i&nbsp;Miguel&nbsp;Pang&nbsp;Ly, editat per A&nbsp;buen&nbsp;paso&nbsp;Editorial<\/strong>. La nostra m\u00e9s sincera enhorabona als guanyadors.<\/p>\n","protected":false},"excerpt":{"rendered":"<p>El passat diumenge, 2 de febrer, vam fer p\u00fablics en una cerim\u00f2nia celebrada a l&#8217;edifici de La&nbsp;Juanita, els resultats de la primera edici\u00f3 del Premi La Petita al Millor llibre de l&#8217;Any. El premi va ser atorgat, juntament amb els de la nostra llibreria ve\u00efna,&nbsp;Nollegiu, despr\u00e9s d&#8217;un per\u00edode d&#8217;un mes de votacions obert a tothom, [&hellip;]<\/p>\n","protected":false},"author":2,"featured_media":2396,"comment_status":"open","ping_status":"open","sticky":false,"template":"","format":"standard","meta":{"footnotes":""},"categories":[1],"tags":[123,352,356,261,357,355,354,358],"_links":{"self":[{"href":"https:\/\/www.lapetita.com\/blog\/wp-json\/wp\/v2\/posts\/2388"}],"collection":[{"href":"https:\/\/www.lapetita.com\/blog\/wp-json\/wp\/v2\/posts"}],"about":[{"href":"https:\/\/www.lapetita.com\/blog\/wp-json\/wp\/v2\/types\/post"}],"author":[{"embeddable":true,"href":"https:\/\/www.lapetita.com\/blog\/wp-json\/wp\/v2\/users\/2"}],"replies":[{"embeddable":true,"href":"https:\/\/www.lapetita.com\/blog\/wp-json\/wp\/v2\/comments?post=2388"}],"version-history":[{"count":3,"href":"https:\/\/www.lapetita.com\/blog\/wp-json\/wp\/v2\/posts\/2388\/revisions"}],"predecessor-version":[{"id":2398,"href":"https:\/\/www.lapetita.com\/blog\/wp-json\/wp\/v2\/posts\/2388\/revisions\/2398"}],"wp:featuredmedia":[{"embeddable":true,"href":"https:\/\/www.lapetita.com\/blog\/wp-json\/wp\/v2\/media\/2396"}],"wp:attachment":[{"href":"https:\/\/www.lapetita.com\/blog\/wp-json\/wp\/v2\/media?parent=2388"}],"wp:term":[{"taxonomy":"category","embeddable":true,"href":"https:\/\/www.lapetita.com\/blog\/wp-json\/wp\/v2\/categories?post=2388"},{"taxonomy":"post_tag","embeddable":true,"href":"https:\/\/www.lapetita.com\/blog\/wp-json\/wp\/v2\/tags?post=2388"}],"curies":[{"name":"wp","href":"https:\/\/api.w.org\/{rel}","templated":true}]}}