{"id":2408,"date":"2020-02-19T16:09:09","date_gmt":"2020-02-19T16:09:09","guid":{"rendered":"https:\/\/www.lapetita.com\/blog\/?p=2408"},"modified":"2020-02-19T16:09:11","modified_gmt":"2020-02-19T16:09:11","slug":"tom-schamp-llibres-per-observar-i-descobrir-%ef%bb%bf","status":"publish","type":"post","link":"https:\/\/www.lapetita.com\/blog\/tom-schamp-llibres-per-observar-i-descobrir-%ef%bb%bf\/","title":{"rendered":"Tom Schamp, llibres per observar i descobrir \ufeff"},"content":{"rendered":"\n<p>Al post d&#8217;avui, us tenim preparades dues recomanacions espectaculars de recent publicaci\u00f3 i del mateix autor: Tom Schamp.<\/p>\n\n\n\n<p>Nascut a B\u00e8lgica, va estudiar disseny gr\u00e0fic a Brussel\u00b7les, cosa que li va permetre experimentar amb t\u00e8cniques diferents i descobrir que la que m\u00e9s li agradava, era l&#8217;acr\u00edlic sobre cartr\u00f3. La seva llarga traject\u00f2ria, amb m\u00e9s de quaranta t\u00edtols publicats, li ha perm\u00e8s crear un m\u00f3n propi en el qual els seus personatges recorren, aprenen i descobreixen juntament amb els seus lectors.&nbsp;<\/p>\n\n\n\n<p>Els seus llibres es caracteritzen per un gran nivell de detall i pels colors vius de la seva pintura. Les seves il\u00b7lustracions es caracteritzen pel seu gran nivell de detall, gr\u00e0cies al qual aconsegueix crear escenes que conviden a aturar-se a observar tot el que hi succeeix.&nbsp;<br><\/p>\n\n\n\n<p><strong>El llibre m\u00e9s bonic de tots els colors<\/strong>, Combel Editorial<\/p>\n\n\n\n<p><img loading=\"lazy\" decoding=\"async\" width=\"300\" height=\"196\" class=\"wp-image-2410\" style=\"width: 300px;\" src=\"https:\/\/www.lapetita.com\/blog\/wp-content\/uploads\/2020\/02\/COLORS_1.jpg\" alt=\"\" srcset=\"https:\/\/www.lapetita.com\/blog\/wp-content\/uploads\/2020\/02\/COLORS_1.jpg 600w, https:\/\/www.lapetita.com\/blog\/wp-content\/uploads\/2020\/02\/COLORS_1-300x196.jpg 300w\" sizes=\"(max-width: 300px) 100vw, 300px\" \/><\/p>\n\n\n\n<div class=\"wp-block-group\"><div class=\"wp-block-group__inner-container is-layout-flow wp-block-group-is-layout-flow\">\n<p>Sab\u00edeu que antigament el blau era el color m\u00e9s car? O que les caixes negres dels avions en realitat s\u00f3n taronges? En aquest \u00e0lbum, l&#8217;autor omple la doble p\u00e0gina, d&#8217;elements i personatges del mateix color o que hi tenen relaci\u00f3. \u00c9s un llibre ideal per introduir elements de la cultura popular, curiositats, personatges del llarg de la hist\u00f2ria\u2026 tot relacionat amb el color que inunda la p\u00e0gina!\u00a0<\/p>\n\n\n\n<p> Combel edita amb cura un llibre de coneixements especial amb el que observar i aprendre durant hores a trav\u00e9s dels colors. <\/p>\n<\/div><\/div>\n\n\n\n<p><strong>L&#8217;Otto passeja per la ciutat, <\/strong>Editorial Flamboyant\u00a0<\/p>\n\n\n\n<p><img loading=\"lazy\" decoding=\"async\" width=\"300\" height=\"169\" class=\"wp-image-2411\" style=\"width: 300px;\" src=\"https:\/\/www.lapetita.com\/blog\/wp-content\/uploads\/2020\/02\/OTTO_1.jpg\" alt=\"\" srcset=\"https:\/\/www.lapetita.com\/blog\/wp-content\/uploads\/2020\/02\/OTTO_1.jpg 600w, https:\/\/www.lapetita.com\/blog\/wp-content\/uploads\/2020\/02\/OTTO_1-300x169.jpg 300w\" sizes=\"(max-width: 300px) 100vw, 300px\" \/><\/p>\n\n\n\n<p>L&#8217;Otto passeja per una ciutat plena de color, personatges animals i molt sentit de l&#8217;humor!&nbsp;<\/p>\n\n\n\n<p>Aquest \u00e0lbum per buscar i trobar ideal per comen\u00e7ar a endinsar-se en el m\u00f3n de la lectura i adquirir vocabulari, gr\u00e0cies al seu text en lletra maj\u00fascula i a les paraules contr\u00e0ries repartides per tota la il\u00b7lustraci\u00f3 en forma d&#8217;aparents senyals de tr\u00e0nsit. Les il\u00b7lustracions d&#8217;estil pict\u00f2ric, es troben farcides de refer\u00e8ncies a la cultura pop, la hist\u00f2ria de l&#8217;art i la m\u00fasica, un llibre meravell\u00f3s en el qual capbussar-se a buscar detalls i acabar passejant per la ciutat de la m\u00e0 de l&#8217;Otto.<br><\/p>\n","protected":false},"excerpt":{"rendered":"<p>Al post d&#8217;avui, us tenim preparades dues recomanacions espectaculars de recent publicaci\u00f3 i del mateix autor: Tom Schamp.<\/p>\n","protected":false},"author":2,"featured_media":2412,"comment_status":"open","ping_status":"open","sticky":false,"template":"","format":"standard","meta":{"footnotes":""},"categories":[6,7,8,11,36,29,33,70,72,94,1],"tags":[173,191,359],"_links":{"self":[{"href":"https:\/\/www.lapetita.com\/blog\/wp-json\/wp\/v2\/posts\/2408"}],"collection":[{"href":"https:\/\/www.lapetita.com\/blog\/wp-json\/wp\/v2\/posts"}],"about":[{"href":"https:\/\/www.lapetita.com\/blog\/wp-json\/wp\/v2\/types\/post"}],"author":[{"embeddable":true,"href":"https:\/\/www.lapetita.com\/blog\/wp-json\/wp\/v2\/users\/2"}],"replies":[{"embeddable":true,"href":"https:\/\/www.lapetita.com\/blog\/wp-json\/wp\/v2\/comments?post=2408"}],"version-history":[{"count":5,"href":"https:\/\/www.lapetita.com\/blog\/wp-json\/wp\/v2\/posts\/2408\/revisions"}],"predecessor-version":[{"id":2416,"href":"https:\/\/www.lapetita.com\/blog\/wp-json\/wp\/v2\/posts\/2408\/revisions\/2416"}],"wp:featuredmedia":[{"embeddable":true,"href":"https:\/\/www.lapetita.com\/blog\/wp-json\/wp\/v2\/media\/2412"}],"wp:attachment":[{"href":"https:\/\/www.lapetita.com\/blog\/wp-json\/wp\/v2\/media?parent=2408"}],"wp:term":[{"taxonomy":"category","embeddable":true,"href":"https:\/\/www.lapetita.com\/blog\/wp-json\/wp\/v2\/categories?post=2408"},{"taxonomy":"post_tag","embeddable":true,"href":"https:\/\/www.lapetita.com\/blog\/wp-json\/wp\/v2\/tags?post=2408"}],"curies":[{"name":"wp","href":"https:\/\/api.w.org\/{rel}","templated":true}]}}