{"id":2417,"date":"2020-02-21T16:48:00","date_gmt":"2020-02-21T16:48:00","guid":{"rendered":"https:\/\/www.lapetita.com\/blog\/?p=2417"},"modified":"2020-02-19T16:49:04","modified_gmt":"2020-02-19T16:49:04","slug":"celebrem-100-anys-de-rodari","status":"publish","type":"post","link":"https:\/\/www.lapetita.com\/blog\/celebrem-100-anys-de-rodari\/","title":{"rendered":"Celebrem 100 anys de Rodari"},"content":{"rendered":"\n<p>Aquest any celebrem el centenari del naixement de Gianni Rodari. Va ser un gran mestre, escriptor, pedagog i periodista i \u00e9s una de les figures m\u00e9s importants de la literatura infantil italiana de tots els temps.<\/p>\n\n\n\n<p>En els seus contes i tirallongues, esbojarrats i amb cr\u00edtiques al m\u00f3n que l&#8217;envoltava, prenen import\u00e0ncia el sentit de l&#8217;humor i l&#8217;enginy . Va donar una gran rellev\u00e0ncia a la fantasia i va investigar com estimulava als infants i els ajudava a comprendre el seu entorn.<\/p>\n\n\n\n<p>Tota aquesta traject\u00f2ria el va portar a guanyar el Premi Hans Christian Andersen l&#8217;any 1970, el guard\u00f3 m\u00e9s important de la literatura infantil i juvenil.<\/p>\n","protected":false},"excerpt":{"rendered":"<p>Aquest any celebrem el centenari del naixement de Gianni Rodari. Va ser un gran mestre, escriptor, pedagog i periodista i \u00e9s una de les figures m\u00e9s importants de la literatura infantil italiana de tots els temps. En els seus contes i tirallongues, esbojarrats i amb cr\u00edtiques al m\u00f3n que l&#8217;envoltava, prenen import\u00e0ncia el sentit de [&hellip;]<\/p>\n","protected":false},"author":2,"featured_media":2419,"comment_status":"open","ping_status":"open","sticky":false,"template":"","format":"standard","meta":{"footnotes":""},"categories":[6,7,8,11,36,33,57,70,72,94,97,99,1],"tags":[362,361,360],"_links":{"self":[{"href":"https:\/\/www.lapetita.com\/blog\/wp-json\/wp\/v2\/posts\/2417"}],"collection":[{"href":"https:\/\/www.lapetita.com\/blog\/wp-json\/wp\/v2\/posts"}],"about":[{"href":"https:\/\/www.lapetita.com\/blog\/wp-json\/wp\/v2\/types\/post"}],"author":[{"embeddable":true,"href":"https:\/\/www.lapetita.com\/blog\/wp-json\/wp\/v2\/users\/2"}],"replies":[{"embeddable":true,"href":"https:\/\/www.lapetita.com\/blog\/wp-json\/wp\/v2\/comments?post=2417"}],"version-history":[{"count":3,"href":"https:\/\/www.lapetita.com\/blog\/wp-json\/wp\/v2\/posts\/2417\/revisions"}],"predecessor-version":[{"id":2422,"href":"https:\/\/www.lapetita.com\/blog\/wp-json\/wp\/v2\/posts\/2417\/revisions\/2422"}],"wp:featuredmedia":[{"embeddable":true,"href":"https:\/\/www.lapetita.com\/blog\/wp-json\/wp\/v2\/media\/2419"}],"wp:attachment":[{"href":"https:\/\/www.lapetita.com\/blog\/wp-json\/wp\/v2\/media?parent=2417"}],"wp:term":[{"taxonomy":"category","embeddable":true,"href":"https:\/\/www.lapetita.com\/blog\/wp-json\/wp\/v2\/categories?post=2417"},{"taxonomy":"post_tag","embeddable":true,"href":"https:\/\/www.lapetita.com\/blog\/wp-json\/wp\/v2\/tags?post=2417"}],"curies":[{"name":"wp","href":"https:\/\/api.w.org\/{rel}","templated":true}]}}