{"id":2432,"date":"2020-03-14T10:10:00","date_gmt":"2020-03-14T10:10:00","guid":{"rendered":"https:\/\/www.lapetita.com\/blog\/?p=2432"},"modified":"2020-03-13T14:47:08","modified_gmt":"2020-03-13T14:47:08","slug":"el-dia-de-las-ballenas","status":"publish","type":"post","link":"https:\/\/www.lapetita.com\/blog\/el-dia-de-las-ballenas\/","title":{"rendered":"El d\u00eda de las ballenas"},"content":{"rendered":"\n<p>De vegades \u00e9s tot tan senzill! Sense paraules. Sense m\u00e9s colors que el blanc, el gris i el negre, a llapis. Emocionant, preci\u00f3s i cruel. Recorda una mica al Martes de Wiesner i tamb\u00e9 als Emigrants de Shaun Tan. <\/p>\n\n\n\n<p>I tot i aix\u00ed \u00e9s \u00fanic.&nbsp;<\/p>\n\n\n\n<p>Un \u00e0lbum per gaudir, per observar, per capbussar-s&#8217;hi i deixar-se endur per la seva apassionant hist\u00f2ria, de Cronelius i Tomasso Carozzi, editat per Oc\u00e9ano Gran  Traves\u00eda.<\/p>\n\n\n\n<p><\/p>\n","protected":false},"excerpt":{"rendered":"<p>De vegades \u00e9s tot tan senzill! Sense paraules. Sense m\u00e9s colors que el blanc, el gris i el negre, a llapis. Emocionant, preci\u00f3s i cruel. <\/p>\n","protected":false},"author":2,"featured_media":2433,"comment_status":"open","ping_status":"open","sticky":false,"template":"","format":"standard","meta":{"footnotes":""},"categories":[6,7,8,11,36,35,29,33,70,94],"tags":[365,195,366],"_links":{"self":[{"href":"https:\/\/www.lapetita.com\/blog\/wp-json\/wp\/v2\/posts\/2432"}],"collection":[{"href":"https:\/\/www.lapetita.com\/blog\/wp-json\/wp\/v2\/posts"}],"about":[{"href":"https:\/\/www.lapetita.com\/blog\/wp-json\/wp\/v2\/types\/post"}],"author":[{"embeddable":true,"href":"https:\/\/www.lapetita.com\/blog\/wp-json\/wp\/v2\/users\/2"}],"replies":[{"embeddable":true,"href":"https:\/\/www.lapetita.com\/blog\/wp-json\/wp\/v2\/comments?post=2432"}],"version-history":[{"count":2,"href":"https:\/\/www.lapetita.com\/blog\/wp-json\/wp\/v2\/posts\/2432\/revisions"}],"predecessor-version":[{"id":2437,"href":"https:\/\/www.lapetita.com\/blog\/wp-json\/wp\/v2\/posts\/2432\/revisions\/2437"}],"wp:featuredmedia":[{"embeddable":true,"href":"https:\/\/www.lapetita.com\/blog\/wp-json\/wp\/v2\/media\/2433"}],"wp:attachment":[{"href":"https:\/\/www.lapetita.com\/blog\/wp-json\/wp\/v2\/media?parent=2432"}],"wp:term":[{"taxonomy":"category","embeddable":true,"href":"https:\/\/www.lapetita.com\/blog\/wp-json\/wp\/v2\/categories?post=2432"},{"taxonomy":"post_tag","embeddable":true,"href":"https:\/\/www.lapetita.com\/blog\/wp-json\/wp\/v2\/tags?post=2432"}],"curies":[{"name":"wp","href":"https:\/\/api.w.org\/{rel}","templated":true}]}}