{"id":2438,"date":"2020-03-13T16:51:41","date_gmt":"2020-03-13T16:51:41","guid":{"rendered":"https:\/\/www.lapetita.com\/blog\/?p=2438"},"modified":"2020-03-13T16:51:43","modified_gmt":"2020-03-13T16:51:43","slug":"anunci-de-la-nostra-nova-web","status":"publish","type":"post","link":"https:\/\/www.lapetita.com\/blog\/anunci-de-la-nostra-nova-web\/","title":{"rendered":"Anunci de la nostra nova web"},"content":{"rendered":"\n<pre class=\"wp-block-verse\"><iframe loading=\"lazy\" width=\"560\" height=\"315\" src=\"https:\/\/www.youtube.com\/embed\/ebC977TNtyo\" frameborder=\"0\" allow=\"accelerometer; autoplay; encrypted-media; gyroscope; picture-in-picture\" allowfullscreen=\"\"><\/iframe><\/pre>\n\n\n\n<p> Hav\u00edem planificat el llan\u00e7ament d&#8217;aquest anunci de la nostra nova web com un dels moments m\u00e9s xulos i importants de l&#8217;any. Sembla que se n&#8217;ha anat en orris la nostra previsi\u00f3, per\u00f2 com que segurament dem\u00e0 ja no podrem obrir la llibreria, us ho compartim perqu\u00e8 malgrat tot, rigueu una estona i sapigueu que, si necessiteu llibres, ens teniu al vostre costat a trav\u00e9s de la web. Salut (molta) per tothom. <\/p>\n","protected":false},"excerpt":{"rendered":"<p>Hav\u00edem planificat el llan\u00e7ament d&#8217;aquest anunci de la nostra nova web com un dels moments m\u00e9s xulos i importants de l&#8217;any. Sembla que se n&#8217;ha anat en orris la nostra previsi\u00f3, per\u00f2 com que segurament dem\u00e0 ja no podrem obrir la llibreria, us ho compartim perqu\u00e8 malgrat tot, rigueu una estona i sapigueu que, si [&hellip;]<\/p>\n","protected":false},"author":2,"featured_media":60,"comment_status":"open","ping_status":"open","sticky":false,"template":"","format":"standard","meta":{"footnotes":""},"categories":[6,11,12,19,34,36,35,20,23,24,25,26,27,28,29,30,31,33,37,38,39,40,46,48,49,50,51,42,52,53,54,55,56,57,58,59,62,63,64,66,68,70,71,72,73,74,75,76,77,78,79,83,86,85,88,89,90,91,92,93,94,95,96,97,98,99,100,104,105,1,113],"tags":[],"_links":{"self":[{"href":"https:\/\/www.lapetita.com\/blog\/wp-json\/wp\/v2\/posts\/2438"}],"collection":[{"href":"https:\/\/www.lapetita.com\/blog\/wp-json\/wp\/v2\/posts"}],"about":[{"href":"https:\/\/www.lapetita.com\/blog\/wp-json\/wp\/v2\/types\/post"}],"author":[{"embeddable":true,"href":"https:\/\/www.lapetita.com\/blog\/wp-json\/wp\/v2\/users\/2"}],"replies":[{"embeddable":true,"href":"https:\/\/www.lapetita.com\/blog\/wp-json\/wp\/v2\/comments?post=2438"}],"version-history":[{"count":2,"href":"https:\/\/www.lapetita.com\/blog\/wp-json\/wp\/v2\/posts\/2438\/revisions"}],"predecessor-version":[{"id":2440,"href":"https:\/\/www.lapetita.com\/blog\/wp-json\/wp\/v2\/posts\/2438\/revisions\/2440"}],"wp:featuredmedia":[{"embeddable":true,"href":"https:\/\/www.lapetita.com\/blog\/wp-json\/wp\/v2\/media\/60"}],"wp:attachment":[{"href":"https:\/\/www.lapetita.com\/blog\/wp-json\/wp\/v2\/media?parent=2438"}],"wp:term":[{"taxonomy":"category","embeddable":true,"href":"https:\/\/www.lapetita.com\/blog\/wp-json\/wp\/v2\/categories?post=2438"},{"taxonomy":"post_tag","embeddable":true,"href":"https:\/\/www.lapetita.com\/blog\/wp-json\/wp\/v2\/tags?post=2438"}],"curies":[{"name":"wp","href":"https:\/\/api.w.org\/{rel}","templated":true}]}}