{"id":2458,"date":"2020-03-23T09:27:50","date_gmt":"2020-03-23T09:27:50","guid":{"rendered":"https:\/\/www.lapetita.com\/blog\/?p=2458"},"modified":"2020-03-30T10:58:53","modified_gmt":"2020-03-30T10:58:53","slug":"la-fiesta-de-los-pajaros","status":"publish","type":"post","link":"https:\/\/www.lapetita.com\/blog\/la-fiesta-de-los-pajaros\/","title":{"rendered":"La fiesta de los p\u00e1jaros"},"content":{"rendered":"\n<p>\u00c9s el gran dia de la festa dels ocells! I han convidat a tothom, b\u00e9, a en Flaps no. Nom\u00e9s perqu\u00e8 \u00e9s un animal nocturn i la festa \u00e9s al mat\u00ed, on s&#8217;\u00e9s vist!<\/p>\n\n\n\n<p>Decideix robar la invitaci\u00f3 del seu millor amic per anar-hi i demostrar que ell tamb\u00e9 es pot mantenir despert durant el dia.<\/p>\n\n\n\n<p>Per\u00f2 la festa no \u00e9s tan divertida com en Flaps s&#8217;esperava&#8230;<\/p>\n\n\n\n<p>Aquest peculiar \u00e0lbum d&#8217;Alice Lima de Faria, publicat per Barbara Fiore, ens parla de temes universals com s\u00f3n l&#8217;amistat, la gelosia i la import\u00e0ncia d&#8217;estar a gust amb un mateix.<\/p>\n","protected":false},"excerpt":{"rendered":"<p>s el gran dia de la festa dels ocells! I han convidat a tothom, b\u00e9, a en Flaps no. Nom\u00e9s perqu\u00e8 \u00e9s un animal nocturn i la festa \u00e9s al mat\u00ed, on s&#8217;\u00e9s vist!<\/p>\n","protected":false},"author":2,"featured_media":2459,"comment_status":"open","ping_status":"open","sticky":false,"template":"","format":"standard","meta":{"footnotes":""},"categories":[6,7,8,11,36,33,70,94],"tags":[372,155],"_links":{"self":[{"href":"https:\/\/www.lapetita.com\/blog\/wp-json\/wp\/v2\/posts\/2458"}],"collection":[{"href":"https:\/\/www.lapetita.com\/blog\/wp-json\/wp\/v2\/posts"}],"about":[{"href":"https:\/\/www.lapetita.com\/blog\/wp-json\/wp\/v2\/types\/post"}],"author":[{"embeddable":true,"href":"https:\/\/www.lapetita.com\/blog\/wp-json\/wp\/v2\/users\/2"}],"replies":[{"embeddable":true,"href":"https:\/\/www.lapetita.com\/blog\/wp-json\/wp\/v2\/comments?post=2458"}],"version-history":[{"count":1,"href":"https:\/\/www.lapetita.com\/blog\/wp-json\/wp\/v2\/posts\/2458\/revisions"}],"predecessor-version":[{"id":2460,"href":"https:\/\/www.lapetita.com\/blog\/wp-json\/wp\/v2\/posts\/2458\/revisions\/2460"}],"wp:featuredmedia":[{"embeddable":true,"href":"https:\/\/www.lapetita.com\/blog\/wp-json\/wp\/v2\/media\/2459"}],"wp:attachment":[{"href":"https:\/\/www.lapetita.com\/blog\/wp-json\/wp\/v2\/media?parent=2458"}],"wp:term":[{"taxonomy":"category","embeddable":true,"href":"https:\/\/www.lapetita.com\/blog\/wp-json\/wp\/v2\/categories?post=2458"},{"taxonomy":"post_tag","embeddable":true,"href":"https:\/\/www.lapetita.com\/blog\/wp-json\/wp\/v2\/tags?post=2458"}],"curies":[{"name":"wp","href":"https:\/\/api.w.org\/{rel}","templated":true}]}}