{"id":2471,"date":"2020-03-27T10:41:00","date_gmt":"2020-03-27T10:41:00","guid":{"rendered":"https:\/\/www.lapetita.com\/blog\/?p=2471"},"modified":"2020-03-30T10:56:11","modified_gmt":"2020-03-30T10:56:11","slug":"petites-bruixes","status":"publish","type":"post","link":"https:\/\/www.lapetita.com\/blog\/petites-bruixes\/","title":{"rendered":"Petites bruixes"},"content":{"rendered":"\n<p>A P\u00e0mpol de Lluna, tots els seus habitants fan m\u00e0gia!<br>Per\u00f2 la m\u00e0gia no sempre \u00e9s bona&#8230;<br>Un personatge misteri\u00f3s, es dedica a atacar amb maleficis a tres bruixetes i tothom assenyala a l&#8217;Harmonia com a culpable.<br>La petita bruixeta haur\u00e0 de demostrar que no \u00e9s ella la responsable d&#8217;aquests encanteris. Ho aconseguir\u00e0?<\/p>\n\n\n\n<p>\u00abPetites bruixes\u00bb \u00e9s el nou c\u00f2mic del guionista de \u00abEls diaris de la Cirera\u00bb. Aquest, per\u00f2, \u00e9s m\u00e9s accessible per a primers lectors que l&#8217;anterior col\u00b7lecci\u00f3 de l&#8217;autor en companyia de Lucile Thibaudier com a encarregada dels llapis. <\/p>\n\n\n\n<p>Editat per&nbsp;<a href=\"https:\/\/www.facebook.com\/pages\/Editorial-Alfaguara\/514558478579237?__tn__=K-R&amp;eid=ARBJguEZ349S66s8EHqmwzBZnUG_w8WaczpADbSdwApU_lLJSXj1WNx0w1w5x-nnqbLJP541gkTOn3vV&amp;fref=mentions&amp;__xts__%5B0%5D=68.ARCYUc6iRoZoPCgenvRxnVSsJWh00hVC10k7PLdWX2hX_AVDRHPtzsxFCg4xaZCNTsexo3nel8u8MyzHjyFCdY4erwJnp6CJgaszX7pYOmVIUpXxiQFR9QIe9TxyMCfqlR270t2Igy0k4comzaWAD3dSsktRG3U-r_l1dJB9nZN9fUxxonaIyv1MuK2DejnT57aUpD66xB0vDJTNSEzWzNIZhHwivtmRSiEDh19guTLDL-imjd2mAYHACj6uhllxfYmCkZf7hrHn8Qyx-FTMnZ_nuLZaAlSYWHSFDTjZWgRkSvlLMKnj8-AybNM8uJYgFo8iXqKl1nN6Cb0X5BQuxD7dbQ\">Editorial Alfaguara<\/a><\/p>\n","protected":false},"excerpt":{"rendered":"<p>A P\u00e0mpol de Lluna, tots els seus habitants fan m\u00e0gia!<br \/>\nPer\u00f2 la m\u00e0gia no sempre \u00e9s bona&#8230;<\/p>\n","protected":false},"author":2,"featured_media":2472,"comment_status":"open","ping_status":"open","sticky":false,"template":"","format":"standard","meta":{"footnotes":""},"categories":[6,7,8,11,42,70,99],"tags":[168,376],"_links":{"self":[{"href":"https:\/\/www.lapetita.com\/blog\/wp-json\/wp\/v2\/posts\/2471"}],"collection":[{"href":"https:\/\/www.lapetita.com\/blog\/wp-json\/wp\/v2\/posts"}],"about":[{"href":"https:\/\/www.lapetita.com\/blog\/wp-json\/wp\/v2\/types\/post"}],"author":[{"embeddable":true,"href":"https:\/\/www.lapetita.com\/blog\/wp-json\/wp\/v2\/users\/2"}],"replies":[{"embeddable":true,"href":"https:\/\/www.lapetita.com\/blog\/wp-json\/wp\/v2\/comments?post=2471"}],"version-history":[{"count":1,"href":"https:\/\/www.lapetita.com\/blog\/wp-json\/wp\/v2\/posts\/2471\/revisions"}],"predecessor-version":[{"id":2473,"href":"https:\/\/www.lapetita.com\/blog\/wp-json\/wp\/v2\/posts\/2471\/revisions\/2473"}],"wp:featuredmedia":[{"embeddable":true,"href":"https:\/\/www.lapetita.com\/blog\/wp-json\/wp\/v2\/media\/2472"}],"wp:attachment":[{"href":"https:\/\/www.lapetita.com\/blog\/wp-json\/wp\/v2\/media?parent=2471"}],"wp:term":[{"taxonomy":"category","embeddable":true,"href":"https:\/\/www.lapetita.com\/blog\/wp-json\/wp\/v2\/categories?post=2471"},{"taxonomy":"post_tag","embeddable":true,"href":"https:\/\/www.lapetita.com\/blog\/wp-json\/wp\/v2\/tags?post=2471"}],"curies":[{"name":"wp","href":"https:\/\/api.w.org\/{rel}","templated":true}]}}