{"id":2474,"date":"2020-03-30T10:55:16","date_gmt":"2020-03-30T10:55:16","guid":{"rendered":"https:\/\/www.lapetita.com\/blog\/?p=2474"},"modified":"2020-03-30T10:55:18","modified_gmt":"2020-03-30T10:55:18","slug":"pim-pam-paraules","status":"publish","type":"post","link":"https:\/\/www.lapetita.com\/blog\/pim-pam-paraules\/","title":{"rendered":"PIM PAM PARAULES"},"content":{"rendered":"\n<p> D&#8217;imatgiaris n&#8217;hi ha molts, per\u00f2 aquest publicat recentment per\u00a0<a href=\"https:\/\/www.facebook.com\/COCOBOOKS\/?__tn__=K-R&amp;eid=ARAZryRcJa4RnV72bwhMFBneE2NhYtd5-58eODxb8kj0dEOj6PhBWNCCoOrZXwWKLnyYUMNH7J8s-kWn&amp;fref=mentions&amp;__xts__%5B0%5D=68.ARCT41Befnx8JI4SnQkys4w9N7akOBG5WsJMMfQEauQMydzmXFrbE3TRlXCE3w14QF-Bqp1gGtHfhkuZPjG0vq5vARlJsP4AfVwah2BSygR7DRJ9Ry1Fn-r-h4uv9NgmDO7WxWNTfj8YGYg8HQY2xkINvo_YJV4ttQpden5m612lfv3M6pm3xYeCBOoF__Y6FlOXWGY6ZP-DDkOuIHJGKvt2TH9G7fPL_hFL1okiQ7KJ4UC654uyuuBcCS8PAwOLyGE1wWzKxWBBsJe70P69ylLqUJG5on5RChV3gVW0sH22iyxOF9AESUlQEsDNaacfG0iWX0GJ6VhO0HlvDulvORuhDA\">COCO BOOKS<\/a>, \u00e9s una del\u00edcia.<br>La recerca de personatges i elements, es converteix en un joc per comen\u00e7ar a aprendre a nombrar i recon\u00e8ixer objectes i desenvolupar la imaginaci\u00f3 de l&#8217;infant.<br>L&#8217;\u00e0lbum, ple de propostes i jocs per l&#8217;estimulaci\u00f3 de l&#8217;aprenentatge dels primers sons i paraules, destaca per la combinaci\u00f3 de colors plans en la il\u00b7lustraci\u00f3 de\u00a0<a href=\"https:\/\/www.facebook.com\/susiehammerilustration\/?__tn__=K-R&amp;eid=ARB5Bshfe_l7zixa2I_tfEkRdGKO1J1l1LXw9ggRuuhVmPg6YNiowCZJfWxVCh-svP4RV07jjWFyzRrK&amp;fref=mentions&amp;__xts__%5B0%5D=68.ARCT41Befnx8JI4SnQkys4w9N7akOBG5WsJMMfQEauQMydzmXFrbE3TRlXCE3w14QF-Bqp1gGtHfhkuZPjG0vq5vARlJsP4AfVwah2BSygR7DRJ9Ry1Fn-r-h4uv9NgmDO7WxWNTfj8YGYg8HQY2xkINvo_YJV4ttQpden5m612lfv3M6pm3xYeCBOoF__Y6FlOXWGY6ZP-DDkOuIHJGKvt2TH9G7fPL_hFL1okiQ7KJ4UC654uyuuBcCS8PAwOLyGE1wWzKxWBBsJe70P69ylLqUJG5on5RChV3gVW0sH22iyxOF9AESUlQEsDNaacfG0iWX0GJ6VhO0HlvDulvORuhDA\">Susie Hammer<\/a>\u00a0i el seu disseny acurat. <\/p>\n","protected":false},"excerpt":{"rendered":"<p> D&#8217;imatgiaris n&#8217;hi ha molts, per\u00f2 aquest publicat recentment per COCO BOOKS, \u00e9s una del\u00edcia.<\/p>\n","protected":false},"author":2,"featured_media":2475,"comment_status":"open","ping_status":"open","sticky":false,"template":"","format":"standard","meta":{"footnotes":""},"categories":[6,7,8,11,36,24,33,70,86,94],"tags":[378,379],"_links":{"self":[{"href":"https:\/\/www.lapetita.com\/blog\/wp-json\/wp\/v2\/posts\/2474"}],"collection":[{"href":"https:\/\/www.lapetita.com\/blog\/wp-json\/wp\/v2\/posts"}],"about":[{"href":"https:\/\/www.lapetita.com\/blog\/wp-json\/wp\/v2\/types\/post"}],"author":[{"embeddable":true,"href":"https:\/\/www.lapetita.com\/blog\/wp-json\/wp\/v2\/users\/2"}],"replies":[{"embeddable":true,"href":"https:\/\/www.lapetita.com\/blog\/wp-json\/wp\/v2\/comments?post=2474"}],"version-history":[{"count":1,"href":"https:\/\/www.lapetita.com\/blog\/wp-json\/wp\/v2\/posts\/2474\/revisions"}],"predecessor-version":[{"id":2476,"href":"https:\/\/www.lapetita.com\/blog\/wp-json\/wp\/v2\/posts\/2474\/revisions\/2476"}],"wp:featuredmedia":[{"embeddable":true,"href":"https:\/\/www.lapetita.com\/blog\/wp-json\/wp\/v2\/media\/2475"}],"wp:attachment":[{"href":"https:\/\/www.lapetita.com\/blog\/wp-json\/wp\/v2\/media?parent=2474"}],"wp:term":[{"taxonomy":"category","embeddable":true,"href":"https:\/\/www.lapetita.com\/blog\/wp-json\/wp\/v2\/categories?post=2474"},{"taxonomy":"post_tag","embeddable":true,"href":"https:\/\/www.lapetita.com\/blog\/wp-json\/wp\/v2\/tags?post=2474"}],"curies":[{"name":"wp","href":"https:\/\/api.w.org\/{rel}","templated":true}]}}