{"id":2509,"date":"2020-06-26T08:15:54","date_gmt":"2020-06-26T08:15:54","guid":{"rendered":"https:\/\/www.lapetita.com\/blog\/?p=2509"},"modified":"2020-06-26T08:15:56","modified_gmt":"2020-06-26T08:15:56","slug":"els-albums-preferits-de-les-petites-il%c2%b7lustrades","status":"publish","type":"post","link":"https:\/\/www.lapetita.com\/blog\/els-albums-preferits-de-les-petites-il%c2%b7lustrades\/","title":{"rendered":"Els \u00e0lbums preferits de les petites il\u00b7lustrades"},"content":{"rendered":"\n<p>Cada any, per donar per acabat el curs, sortim totes juntes a prendre una cervesa o a sopar. Aquest any, per les causes que tots coneixem, hem hagut de deixar de banda aquesta petita tradici\u00f3, per\u00f2 ens hem seguit mantenint unides tot i les circumst\u00e0ncies i hem mantingut despert el cuquet del fascinant m\u00f3n de l&#8217;\u00e0lbum il\u00b7lustrat.<\/p>\n\n\n\n<p>L&#8217;\u00faltima sessi\u00f3 va transc\u00f3rrer entre \u00e0lbums creats a casa nostra. Conversant sobre llibres, il\u00b7lustraci\u00f3, autors&#8230; cadascuna, va parlar sobre el seu \u00e0lbum preferit fet aqu\u00ed. Us deixem en aquesta entrada tots i cadascun dels t\u00edtols comentats.<\/p>\n\n\n\n<figure class=\"wp-block-image size-large\"><img loading=\"lazy\" decoding=\"async\" width=\"1024\" height=\"504\" src=\"https:\/\/www.lapetita.com\/blog\/wp-content\/uploads\/2020\/06\/149A866D-F5CF-436B-BD41-BDDC683E32C2-1024x504.jpeg\" alt=\"\" class=\"wp-image-2510\" srcset=\"https:\/\/www.lapetita.com\/blog\/wp-content\/uploads\/2020\/06\/149A866D-F5CF-436B-BD41-BDDC683E32C2-1024x504.jpeg 1024w, https:\/\/www.lapetita.com\/blog\/wp-content\/uploads\/2020\/06\/149A866D-F5CF-436B-BD41-BDDC683E32C2-300x148.jpeg 300w, https:\/\/www.lapetita.com\/blog\/wp-content\/uploads\/2020\/06\/149A866D-F5CF-436B-BD41-BDDC683E32C2-768x378.jpeg 768w, https:\/\/www.lapetita.com\/blog\/wp-content\/uploads\/2020\/06\/149A866D-F5CF-436B-BD41-BDDC683E32C2-1536x756.jpeg 1536w, https:\/\/www.lapetita.com\/blog\/wp-content\/uploads\/2020\/06\/149A866D-F5CF-436B-BD41-BDDC683E32C2.jpeg 2047w\" sizes=\"(max-width: 1024px) 100vw, 1024px\" \/><figcaption>La merienda del se\u00f1or verde, <em>Javier S<\/em>\u00e1ez <em>Cast<\/em>\u00e1n. Ediciones Ekar\u00e9.<\/figcaption><\/figure>\n\n\n\n<figure class=\"wp-block-image size-large is-resized\"><img loading=\"lazy\" decoding=\"async\" src=\"https:\/\/www.lapetita.com\/blog\/wp-content\/uploads\/2020\/06\/B7DA10F9-3006-45ED-A167-5435201580F0-1024x477.jpeg\" alt=\"\" class=\"wp-image-2511\" width=\"804\" height=\"374\" srcset=\"https:\/\/www.lapetita.com\/blog\/wp-content\/uploads\/2020\/06\/B7DA10F9-3006-45ED-A167-5435201580F0-1024x477.jpeg 1024w, https:\/\/www.lapetita.com\/blog\/wp-content\/uploads\/2020\/06\/B7DA10F9-3006-45ED-A167-5435201580F0-300x140.jpeg 300w, https:\/\/www.lapetita.com\/blog\/wp-content\/uploads\/2020\/06\/B7DA10F9-3006-45ED-A167-5435201580F0-768x358.jpeg 768w, https:\/\/www.lapetita.com\/blog\/wp-content\/uploads\/2020\/06\/B7DA10F9-3006-45ED-A167-5435201580F0-1536x715.jpeg 1536w, https:\/\/www.lapetita.com\/blog\/wp-content\/uploads\/2020\/06\/B7DA10F9-3006-45ED-A167-5435201580F0-2048x954.jpeg 2048w\" sizes=\"(max-width: 804px) 100vw, 804px\" \/><figcaption>Leotolda. <em>Olga de Dios. <\/em>Ediciones Apila.<\/figcaption><\/figure>\n\n\n\n<figure class=\"wp-block-image size-large\"><img loading=\"lazy\" decoding=\"async\" width=\"1024\" height=\"470\" src=\"https:\/\/www.lapetita.com\/blog\/wp-content\/uploads\/2020\/06\/E5DD7595-0FAF-45F7-A217-EBEBFFED8C9B-1024x470.jpeg\" alt=\"\" class=\"wp-image-2512\" srcset=\"https:\/\/www.lapetita.com\/blog\/wp-content\/uploads\/2020\/06\/E5DD7595-0FAF-45F7-A217-EBEBFFED8C9B-1024x470.jpeg 1024w, https:\/\/www.lapetita.com\/blog\/wp-content\/uploads\/2020\/06\/E5DD7595-0FAF-45F7-A217-EBEBFFED8C9B-300x138.jpeg 300w, https:\/\/www.lapetita.com\/blog\/wp-content\/uploads\/2020\/06\/E5DD7595-0FAF-45F7-A217-EBEBFFED8C9B-768x353.jpeg 768w, https:\/\/www.lapetita.com\/blog\/wp-content\/uploads\/2020\/06\/E5DD7595-0FAF-45F7-A217-EBEBFFED8C9B-1536x705.jpeg 1536w, https:\/\/www.lapetita.com\/blog\/wp-content\/uploads\/2020\/06\/E5DD7595-0FAF-45F7-A217-EBEBFFED8C9B-2048x940.jpeg 2048w\" sizes=\"(max-width: 1024px) 100vw, 1024px\" \/><figcaption>Greta i l\u2019orella despistada, <em>Marta Pallar<\/em>\u00e8s i <em>Anna Grimal. <\/em>Mosquito books.<\/figcaption><\/figure>\n\n\n\n<figure class=\"wp-block-image size-large\"><img loading=\"lazy\" decoding=\"async\" width=\"1024\" height=\"491\" src=\"https:\/\/www.lapetita.com\/blog\/wp-content\/uploads\/2020\/06\/E90E4831-5771-4031-B88C-47E1D067E7C6-1024x491.jpeg\" alt=\"\" class=\"wp-image-2513\" srcset=\"https:\/\/www.lapetita.com\/blog\/wp-content\/uploads\/2020\/06\/E90E4831-5771-4031-B88C-47E1D067E7C6-1024x491.jpeg 1024w, https:\/\/www.lapetita.com\/blog\/wp-content\/uploads\/2020\/06\/E90E4831-5771-4031-B88C-47E1D067E7C6-300x144.jpeg 300w, https:\/\/www.lapetita.com\/blog\/wp-content\/uploads\/2020\/06\/E90E4831-5771-4031-B88C-47E1D067E7C6-768x368.jpeg 768w, https:\/\/www.lapetita.com\/blog\/wp-content\/uploads\/2020\/06\/E90E4831-5771-4031-B88C-47E1D067E7C6-1536x736.jpeg 1536w, https:\/\/www.lapetita.com\/blog\/wp-content\/uploads\/2020\/06\/E90E4831-5771-4031-B88C-47E1D067E7C6-2048x981.jpeg 2048w\" sizes=\"(max-width: 1024px) 100vw, 1024px\" \/><figcaption>Duelo al sol, <em>Manuel Marsol. <\/em>Fulgencio Pimentel e hijos.<\/figcaption><\/figure>\n\n\n\n<figure class=\"wp-block-image size-large\"><img loading=\"lazy\" decoding=\"async\" width=\"1024\" height=\"519\" src=\"https:\/\/www.lapetita.com\/blog\/wp-content\/uploads\/2020\/06\/BED7C5E5-35C0-4A34-AEC9-EEC82B8166A9-1024x519.jpeg\" alt=\"\" class=\"wp-image-2514\" srcset=\"https:\/\/www.lapetita.com\/blog\/wp-content\/uploads\/2020\/06\/BED7C5E5-35C0-4A34-AEC9-EEC82B8166A9-1024x519.jpeg 1024w, https:\/\/www.lapetita.com\/blog\/wp-content\/uploads\/2020\/06\/BED7C5E5-35C0-4A34-AEC9-EEC82B8166A9-300x152.jpeg 300w, https:\/\/www.lapetita.com\/blog\/wp-content\/uploads\/2020\/06\/BED7C5E5-35C0-4A34-AEC9-EEC82B8166A9-768x390.jpeg 768w, https:\/\/www.lapetita.com\/blog\/wp-content\/uploads\/2020\/06\/BED7C5E5-35C0-4A34-AEC9-EEC82B8166A9-1536x779.jpeg 1536w, https:\/\/www.lapetita.com\/blog\/wp-content\/uploads\/2020\/06\/BED7C5E5-35C0-4A34-AEC9-EEC82B8166A9-2048x1039.jpeg 2048w\" sizes=\"(max-width: 1024px) 100vw, 1024px\" \/><figcaption>Museum, <em>Javier S<\/em>\u00e1ez <em>Cast<\/em>\u00e1n i <em>Manuel Marsol. <\/em>Fulgencio Pimentel e hijos.<\/figcaption><\/figure>\n\n\n\n<figure class=\"wp-block-image size-large\"><img loading=\"lazy\" decoding=\"async\" width=\"1024\" height=\"537\" src=\"https:\/\/www.lapetita.com\/blog\/wp-content\/uploads\/2020\/06\/BB98148B-71CD-47CA-98D5-32088C3259E4-1024x537.jpeg\" alt=\"\" class=\"wp-image-2515\" srcset=\"https:\/\/www.lapetita.com\/blog\/wp-content\/uploads\/2020\/06\/BB98148B-71CD-47CA-98D5-32088C3259E4-1024x537.jpeg 1024w, https:\/\/www.lapetita.com\/blog\/wp-content\/uploads\/2020\/06\/BB98148B-71CD-47CA-98D5-32088C3259E4-300x157.jpeg 300w, https:\/\/www.lapetita.com\/blog\/wp-content\/uploads\/2020\/06\/BB98148B-71CD-47CA-98D5-32088C3259E4-768x402.jpeg 768w, https:\/\/www.lapetita.com\/blog\/wp-content\/uploads\/2020\/06\/BB98148B-71CD-47CA-98D5-32088C3259E4-1536x805.jpeg 1536w, https:\/\/www.lapetita.com\/blog\/wp-content\/uploads\/2020\/06\/BB98148B-71CD-47CA-98D5-32088C3259E4-2048x1073.jpeg 2048w\" sizes=\"(max-width: 1024px) 100vw, 1024px\" \/><figcaption>Ana Juan<\/figcaption><\/figure>\n\n\n\n<figure class=\"wp-block-image size-large\"><img loading=\"lazy\" decoding=\"async\" width=\"1024\" height=\"558\" src=\"https:\/\/www.lapetita.com\/blog\/wp-content\/uploads\/2020\/06\/0DF62094-A219-4FA1-91DE-4C9ECB568879-1024x558.jpeg\" alt=\"\" class=\"wp-image-2516\" srcset=\"https:\/\/www.lapetita.com\/blog\/wp-content\/uploads\/2020\/06\/0DF62094-A219-4FA1-91DE-4C9ECB568879-1024x558.jpeg 1024w, https:\/\/www.lapetita.com\/blog\/wp-content\/uploads\/2020\/06\/0DF62094-A219-4FA1-91DE-4C9ECB568879-300x163.jpeg 300w, https:\/\/www.lapetita.com\/blog\/wp-content\/uploads\/2020\/06\/0DF62094-A219-4FA1-91DE-4C9ECB568879-768x418.jpeg 768w, https:\/\/www.lapetita.com\/blog\/wp-content\/uploads\/2020\/06\/0DF62094-A219-4FA1-91DE-4C9ECB568879-1536x836.jpeg 1536w, https:\/\/www.lapetita.com\/blog\/wp-content\/uploads\/2020\/06\/0DF62094-A219-4FA1-91DE-4C9ECB568879-2048x1115.jpeg 2048w\" sizes=\"(max-width: 1024px) 100vw, 1024px\" \/><figcaption>Els dies feli\u00e7os, <em>Bernat Cormand. <\/em>Abuenpaso.<\/figcaption><\/figure>\n\n\n\n<figure class=\"wp-block-image size-large\"><img loading=\"lazy\" decoding=\"async\" width=\"1024\" height=\"535\" src=\"https:\/\/www.lapetita.com\/blog\/wp-content\/uploads\/2020\/06\/0C12664F-82A6-4227-B93E-A19AF5F11C43-1024x535.jpeg\" alt=\"\" class=\"wp-image-2517\" srcset=\"https:\/\/www.lapetita.com\/blog\/wp-content\/uploads\/2020\/06\/0C12664F-82A6-4227-B93E-A19AF5F11C43-1024x535.jpeg 1024w, https:\/\/www.lapetita.com\/blog\/wp-content\/uploads\/2020\/06\/0C12664F-82A6-4227-B93E-A19AF5F11C43-300x157.jpeg 300w, https:\/\/www.lapetita.com\/blog\/wp-content\/uploads\/2020\/06\/0C12664F-82A6-4227-B93E-A19AF5F11C43-768x401.jpeg 768w, https:\/\/www.lapetita.com\/blog\/wp-content\/uploads\/2020\/06\/0C12664F-82A6-4227-B93E-A19AF5F11C43-1536x803.jpeg 1536w, https:\/\/www.lapetita.com\/blog\/wp-content\/uploads\/2020\/06\/0C12664F-82A6-4227-B93E-A19AF5F11C43-2048x1071.jpeg 2048w\" sizes=\"(max-width: 1024px) 100vw, 1024px\" \/><figcaption>No!, <em>Marta Alt<\/em>\u00e9s. Thule.<\/figcaption><\/figure>\n\n\n\n<figure class=\"wp-block-image size-large is-resized\"><img loading=\"lazy\" decoding=\"async\" src=\"https:\/\/www.lapetita.com\/blog\/wp-content\/uploads\/2020\/06\/A0440DAC-815A-413A-BE00-2C13342EA274-1024x548.jpeg\" alt=\"\" class=\"wp-image-2518\" width=\"817\" height=\"437\" srcset=\"https:\/\/www.lapetita.com\/blog\/wp-content\/uploads\/2020\/06\/A0440DAC-815A-413A-BE00-2C13342EA274-1024x548.jpeg 1024w, https:\/\/www.lapetita.com\/blog\/wp-content\/uploads\/2020\/06\/A0440DAC-815A-413A-BE00-2C13342EA274-300x160.jpeg 300w, https:\/\/www.lapetita.com\/blog\/wp-content\/uploads\/2020\/06\/A0440DAC-815A-413A-BE00-2C13342EA274-768x411.jpeg 768w, https:\/\/www.lapetita.com\/blog\/wp-content\/uploads\/2020\/06\/A0440DAC-815A-413A-BE00-2C13342EA274-1536x822.jpeg 1536w, https:\/\/www.lapetita.com\/blog\/wp-content\/uploads\/2020\/06\/A0440DAC-815A-413A-BE00-2C13342EA274-2048x1095.jpeg 2048w\" sizes=\"(max-width: 817px) 100vw, 817px\" \/><figcaption>Off, <em>Xavier Salom<\/em>\u00f3. Flamboyant.<\/figcaption><\/figure>\n\n\n\n<figure class=\"wp-block-image size-large\"><img loading=\"lazy\" decoding=\"async\" width=\"1024\" height=\"632\" src=\"https:\/\/www.lapetita.com\/blog\/wp-content\/uploads\/2020\/06\/6006EE9E-6A63-4DBC-98BF-AC7C3D6BC9C6-1024x632.jpeg\" alt=\"\" class=\"wp-image-2519\" srcset=\"https:\/\/www.lapetita.com\/blog\/wp-content\/uploads\/2020\/06\/6006EE9E-6A63-4DBC-98BF-AC7C3D6BC9C6-1024x632.jpeg 1024w, https:\/\/www.lapetita.com\/blog\/wp-content\/uploads\/2020\/06\/6006EE9E-6A63-4DBC-98BF-AC7C3D6BC9C6-300x185.jpeg 300w, https:\/\/www.lapetita.com\/blog\/wp-content\/uploads\/2020\/06\/6006EE9E-6A63-4DBC-98BF-AC7C3D6BC9C6-768x474.jpeg 768w, https:\/\/www.lapetita.com\/blog\/wp-content\/uploads\/2020\/06\/6006EE9E-6A63-4DBC-98BF-AC7C3D6BC9C6-1536x948.jpeg 1536w, https:\/\/www.lapetita.com\/blog\/wp-content\/uploads\/2020\/06\/6006EE9E-6A63-4DBC-98BF-AC7C3D6BC9C6.jpeg 1991w\" sizes=\"(max-width: 1024px) 100vw, 1024px\" \/><figcaption>Meritxell Mart\u00ed i Xavier Salom\u00f3<\/figcaption><\/figure>\n\n\n\n<figure class=\"wp-block-image size-large\"><img loading=\"lazy\" decoding=\"async\" width=\"1024\" height=\"439\" src=\"https:\/\/www.lapetita.com\/blog\/wp-content\/uploads\/2020\/06\/69013E4E-1B7C-4496-857F-5959B0FAE537-1024x439.jpeg\" alt=\"\" class=\"wp-image-2520\" srcset=\"https:\/\/www.lapetita.com\/blog\/wp-content\/uploads\/2020\/06\/69013E4E-1B7C-4496-857F-5959B0FAE537-1024x439.jpeg 1024w, https:\/\/www.lapetita.com\/blog\/wp-content\/uploads\/2020\/06\/69013E4E-1B7C-4496-857F-5959B0FAE537-300x129.jpeg 300w, https:\/\/www.lapetita.com\/blog\/wp-content\/uploads\/2020\/06\/69013E4E-1B7C-4496-857F-5959B0FAE537-768x329.jpeg 768w, https:\/\/www.lapetita.com\/blog\/wp-content\/uploads\/2020\/06\/69013E4E-1B7C-4496-857F-5959B0FAE537-1536x658.jpeg 1536w, https:\/\/www.lapetita.com\/blog\/wp-content\/uploads\/2020\/06\/69013E4E-1B7C-4496-857F-5959B0FAE537-2048x878.jpeg 2048w\" sizes=\"(max-width: 1024px) 100vw, 1024px\" \/><figcaption>Naixements bestials, <em>Aina Best<\/em>ard. Zahor\u00ed books.<\/figcaption><\/figure>\n\n\n\n<figure class=\"wp-block-image size-large\"><img loading=\"lazy\" decoding=\"async\" width=\"1024\" height=\"511\" src=\"https:\/\/www.lapetita.com\/blog\/wp-content\/uploads\/2020\/06\/88224D93-EE71-47EB-8ECE-4FF14B9AADFF-1024x511.jpeg\" alt=\"\" class=\"wp-image-2521\" srcset=\"https:\/\/www.lapetita.com\/blog\/wp-content\/uploads\/2020\/06\/88224D93-EE71-47EB-8ECE-4FF14B9AADFF-1024x511.jpeg 1024w, https:\/\/www.lapetita.com\/blog\/wp-content\/uploads\/2020\/06\/88224D93-EE71-47EB-8ECE-4FF14B9AADFF-300x150.jpeg 300w, https:\/\/www.lapetita.com\/blog\/wp-content\/uploads\/2020\/06\/88224D93-EE71-47EB-8ECE-4FF14B9AADFF-768x383.jpeg 768w, https:\/\/www.lapetita.com\/blog\/wp-content\/uploads\/2020\/06\/88224D93-EE71-47EB-8ECE-4FF14B9AADFF-1536x767.jpeg 1536w, https:\/\/www.lapetita.com\/blog\/wp-content\/uploads\/2020\/06\/88224D93-EE71-47EB-8ECE-4FF14B9AADFF-2048x1023.jpeg 2048w\" sizes=\"(max-width: 1024px) 100vw, 1024px\" \/><figcaption>Normal?, <em>Amparo Sena i Francesc Rovira. <\/em>Corimbo.<\/figcaption><\/figure>\n\n\n\n<figure class=\"wp-block-image size-large\"><img loading=\"lazy\" decoding=\"async\" width=\"1024\" height=\"616\" src=\"https:\/\/www.lapetita.com\/blog\/wp-content\/uploads\/2020\/06\/152CECF7-6FDE-4C1E-AB1D-0D348F88F258-1024x616.jpeg\" alt=\"\" class=\"wp-image-2522\" srcset=\"https:\/\/www.lapetita.com\/blog\/wp-content\/uploads\/2020\/06\/152CECF7-6FDE-4C1E-AB1D-0D348F88F258-1024x616.jpeg 1024w, https:\/\/www.lapetita.com\/blog\/wp-content\/uploads\/2020\/06\/152CECF7-6FDE-4C1E-AB1D-0D348F88F258-300x181.jpeg 300w, https:\/\/www.lapetita.com\/blog\/wp-content\/uploads\/2020\/06\/152CECF7-6FDE-4C1E-AB1D-0D348F88F258-768x462.jpeg 768w, https:\/\/www.lapetita.com\/blog\/wp-content\/uploads\/2020\/06\/152CECF7-6FDE-4C1E-AB1D-0D348F88F258-1536x925.jpeg 1536w, https:\/\/www.lapetita.com\/blog\/wp-content\/uploads\/2020\/06\/152CECF7-6FDE-4C1E-AB1D-0D348F88F258.jpeg 1995w\" sizes=\"(max-width: 1024px) 100vw, 1024px\" \/><figcaption>Inseparables, <em>Mar Pav<\/em>\u00f3<em>n i Maria Gir<\/em>\u00f3n. Editorial Tramuntana.<\/figcaption><\/figure>\n\n\n\n<figure class=\"wp-block-image size-large\"><img loading=\"lazy\" decoding=\"async\" width=\"1024\" height=\"413\" src=\"https:\/\/www.lapetita.com\/blog\/wp-content\/uploads\/2020\/06\/16ADADDB-5C3D-49AC-AD3C-516E4E023434-1024x413.jpeg\" alt=\"\" class=\"wp-image-2523\" srcset=\"https:\/\/www.lapetita.com\/blog\/wp-content\/uploads\/2020\/06\/16ADADDB-5C3D-49AC-AD3C-516E4E023434-1024x413.jpeg 1024w, https:\/\/www.lapetita.com\/blog\/wp-content\/uploads\/2020\/06\/16ADADDB-5C3D-49AC-AD3C-516E4E023434-300x121.jpeg 300w, https:\/\/www.lapetita.com\/blog\/wp-content\/uploads\/2020\/06\/16ADADDB-5C3D-49AC-AD3C-516E4E023434-768x310.jpeg 768w, https:\/\/www.lapetita.com\/blog\/wp-content\/uploads\/2020\/06\/16ADADDB-5C3D-49AC-AD3C-516E4E023434-1536x619.jpeg 1536w, https:\/\/www.lapetita.com\/blog\/wp-content\/uploads\/2020\/06\/16ADADDB-5C3D-49AC-AD3C-516E4E023434-2048x826.jpeg 2048w\" sizes=\"(max-width: 1024px) 100vw, 1024px\" \/><figcaption>\u00a1Malacat\u00fa!, <em>Mar<\/em>\u00eda <em>Pascual de la Torre. <\/em>Abuenpaso.<\/figcaption><\/figure>\n\n\n\n<figure class=\"wp-block-image size-large\"><img loading=\"lazy\" decoding=\"async\" width=\"1024\" height=\"650\" src=\"https:\/\/www.lapetita.com\/blog\/wp-content\/uploads\/2020\/06\/18C4C5D7-09ED-4988-8310-2D39BAEB1E62-1024x650.jpeg\" alt=\"\" class=\"wp-image-2524\" srcset=\"https:\/\/www.lapetita.com\/blog\/wp-content\/uploads\/2020\/06\/18C4C5D7-09ED-4988-8310-2D39BAEB1E62-1024x650.jpeg 1024w, https:\/\/www.lapetita.com\/blog\/wp-content\/uploads\/2020\/06\/18C4C5D7-09ED-4988-8310-2D39BAEB1E62-300x190.jpeg 300w, https:\/\/www.lapetita.com\/blog\/wp-content\/uploads\/2020\/06\/18C4C5D7-09ED-4988-8310-2D39BAEB1E62-768x487.jpeg 768w, https:\/\/www.lapetita.com\/blog\/wp-content\/uploads\/2020\/06\/18C4C5D7-09ED-4988-8310-2D39BAEB1E62-1536x974.jpeg 1536w, https:\/\/www.lapetita.com\/blog\/wp-content\/uploads\/2020\/06\/18C4C5D7-09ED-4988-8310-2D39BAEB1E62.jpeg 2027w\" sizes=\"(max-width: 1024px) 100vw, 1024px\" \/><figcaption>Els nens del mar, <em>Jaume Escala i Carme Sol<\/em>\u00e9 <em>Vendrell. <\/em><\/figcaption><\/figure>\n\n\n\n<figure class=\"wp-block-image size-large\"><img loading=\"lazy\" decoding=\"async\" width=\"1024\" height=\"589\" src=\"https:\/\/www.lapetita.com\/blog\/wp-content\/uploads\/2020\/06\/012BE991-641E-4CF3-ACD2-82CBA0B1D0B7-1024x589.jpeg\" alt=\"\" class=\"wp-image-2525\" srcset=\"https:\/\/www.lapetita.com\/blog\/wp-content\/uploads\/2020\/06\/012BE991-641E-4CF3-ACD2-82CBA0B1D0B7-1024x589.jpeg 1024w, https:\/\/www.lapetita.com\/blog\/wp-content\/uploads\/2020\/06\/012BE991-641E-4CF3-ACD2-82CBA0B1D0B7-300x172.jpeg 300w, https:\/\/www.lapetita.com\/blog\/wp-content\/uploads\/2020\/06\/012BE991-641E-4CF3-ACD2-82CBA0B1D0B7-768x442.jpeg 768w, https:\/\/www.lapetita.com\/blog\/wp-content\/uploads\/2020\/06\/012BE991-641E-4CF3-ACD2-82CBA0B1D0B7-1536x883.jpeg 1536w, https:\/\/www.lapetita.com\/blog\/wp-content\/uploads\/2020\/06\/012BE991-641E-4CF3-ACD2-82CBA0B1D0B7.jpeg 1976w\" sizes=\"(max-width: 1024px) 100vw, 1024px\" \/><figcaption>Un lloc per a la Rula, <em>Mar Pav<\/em>\u00f3<em>n i Mar<\/em>\u00eda <em>Gir<\/em>\u00f3n. Tramuntana.<\/figcaption><\/figure>\n\n\n\n<p>I per acabar, hem d\u2019agrair un any m\u00e9s a l\u2019Anna Juan la coordinaci\u00f3 d\u2019aquest cicle tan enriquidor i a totes les assistents per venir a aprendre, reflexionar i divagar sobre l\u2019apassionant m\u00f3n de l\u2019\u00e0lbum. <br>Manteniu-vos ben atentes, aviat obrirem la convocat\u00f2ria d&#8217;inscripcions pel curs 2020\/2021 amb un munt de novetats i molt m\u00e9s \u00e0lbum!<\/p>\n","protected":false},"excerpt":{"rendered":"<p>Cada any, per donar per acabat el curs, sortim totes juntes a prendre una cervesa o a sopar. Aquest any, per les causes que tots coneixem, hem hagut de deixar de banda aquesta petita tradici\u00f3, per\u00f2 ens hem seguit mantenint unides tot i les circumst\u00e0ncies i hem mantingut despert el cuquet del fascinant m\u00f3n de [&hellip;]<\/p>\n","protected":false},"author":2,"featured_media":1741,"comment_status":"open","ping_status":"open","sticky":false,"template":"","format":"standard","meta":{"footnotes":""},"categories":[6,7,36,35,33,70,72,94],"tags":[393],"_links":{"self":[{"href":"https:\/\/www.lapetita.com\/blog\/wp-json\/wp\/v2\/posts\/2509"}],"collection":[{"href":"https:\/\/www.lapetita.com\/blog\/wp-json\/wp\/v2\/posts"}],"about":[{"href":"https:\/\/www.lapetita.com\/blog\/wp-json\/wp\/v2\/types\/post"}],"author":[{"embeddable":true,"href":"https:\/\/www.lapetita.com\/blog\/wp-json\/wp\/v2\/users\/2"}],"replies":[{"embeddable":true,"href":"https:\/\/www.lapetita.com\/blog\/wp-json\/wp\/v2\/comments?post=2509"}],"version-history":[{"count":1,"href":"https:\/\/www.lapetita.com\/blog\/wp-json\/wp\/v2\/posts\/2509\/revisions"}],"predecessor-version":[{"id":2526,"href":"https:\/\/www.lapetita.com\/blog\/wp-json\/wp\/v2\/posts\/2509\/revisions\/2526"}],"wp:featuredmedia":[{"embeddable":true,"href":"https:\/\/www.lapetita.com\/blog\/wp-json\/wp\/v2\/media\/1741"}],"wp:attachment":[{"href":"https:\/\/www.lapetita.com\/blog\/wp-json\/wp\/v2\/media?parent=2509"}],"wp:term":[{"taxonomy":"category","embeddable":true,"href":"https:\/\/www.lapetita.com\/blog\/wp-json\/wp\/v2\/categories?post=2509"},{"taxonomy":"post_tag","embeddable":true,"href":"https:\/\/www.lapetita.com\/blog\/wp-json\/wp\/v2\/tags?post=2509"}],"curies":[{"name":"wp","href":"https:\/\/api.w.org\/{rel}","templated":true}]}}