{"id":2528,"date":"2020-07-15T10:15:16","date_gmt":"2020-07-15T10:15:16","guid":{"rendered":"https:\/\/www.lapetita.com\/blog\/?p=2528"},"modified":"2020-07-15T10:15:18","modified_gmt":"2020-07-15T10:15:18","slug":"topades-amb-la-patricia","status":"publish","type":"post","link":"https:\/\/www.lapetita.com\/blog\/topades-amb-la-patricia\/","title":{"rendered":"Topades amb la Patricia"},"content":{"rendered":"\n<p>El passat dilluns 6 de juliol, vam iniciar les Topades amb la Patricia. Un cicle d\u2019introducci\u00f3 a la narraci\u00f3 oral adre\u00e7at a fam\u00edlies que vulguin aprofundir sobre com transmetre les hist\u00f2ries, can\u00e7ons i cantarelles als infants. <br>La Patricia, la nostra fant\u00e0stica narradora resident, aconsegueix transmetre amb mestratge, les eines que tenim al nostre voltant per compartir relats amb la petita inf\u00e0ncia, a trav\u00e9s de la veu, el ritme, els sons&#8230; <\/p>\n\n\n\n<p>Ens resta nom\u00e9s l\u2019\u00faltima sessi\u00f3 el proper dilluns. Esperem que hagueu apr\u00e8s molt i us hagueu divertit amb aquestes topades!<\/p>\n\n\n\n<p><\/p>\n","protected":false},"excerpt":{"rendered":"<p>El passat dilluns 6 de juliol, vam iniciar les Topades amb la Patricia. Un cicle d\u2019introducci\u00f3 a la narraci\u00f3 oral adre\u00e7at a fam\u00edlies que vulguin aprofundir sobre com transmetre les hist\u00f2ries, can\u00e7ons i cantarelles als infants. La Patricia, la nostra fant\u00e0stica narradora resident, aconsegueix transmetre amb mestratge, les eines que tenim al nostre voltant per [&hellip;]<\/p>\n","protected":false},"author":2,"featured_media":2529,"comment_status":"open","ping_status":"open","sticky":false,"template":"","format":"standard","meta":{"footnotes":""},"categories":[6,11,14,52,53,54,57,62,64,70,72,386,86,94],"tags":[394],"_links":{"self":[{"href":"https:\/\/www.lapetita.com\/blog\/wp-json\/wp\/v2\/posts\/2528"}],"collection":[{"href":"https:\/\/www.lapetita.com\/blog\/wp-json\/wp\/v2\/posts"}],"about":[{"href":"https:\/\/www.lapetita.com\/blog\/wp-json\/wp\/v2\/types\/post"}],"author":[{"embeddable":true,"href":"https:\/\/www.lapetita.com\/blog\/wp-json\/wp\/v2\/users\/2"}],"replies":[{"embeddable":true,"href":"https:\/\/www.lapetita.com\/blog\/wp-json\/wp\/v2\/comments?post=2528"}],"version-history":[{"count":1,"href":"https:\/\/www.lapetita.com\/blog\/wp-json\/wp\/v2\/posts\/2528\/revisions"}],"predecessor-version":[{"id":2531,"href":"https:\/\/www.lapetita.com\/blog\/wp-json\/wp\/v2\/posts\/2528\/revisions\/2531"}],"wp:featuredmedia":[{"embeddable":true,"href":"https:\/\/www.lapetita.com\/blog\/wp-json\/wp\/v2\/media\/2529"}],"wp:attachment":[{"href":"https:\/\/www.lapetita.com\/blog\/wp-json\/wp\/v2\/media?parent=2528"}],"wp:term":[{"taxonomy":"category","embeddable":true,"href":"https:\/\/www.lapetita.com\/blog\/wp-json\/wp\/v2\/categories?post=2528"},{"taxonomy":"post_tag","embeddable":true,"href":"https:\/\/www.lapetita.com\/blog\/wp-json\/wp\/v2\/tags?post=2528"}],"curies":[{"name":"wp","href":"https:\/\/api.w.org\/{rel}","templated":true}]}}