{"id":2533,"date":"2020-09-21T17:41:21","date_gmt":"2020-09-21T17:41:21","guid":{"rendered":"https:\/\/www.lapetita.com\/blog\/?p=2533"},"modified":"2020-09-21T17:41:23","modified_gmt":"2020-09-21T17:41:23","slug":"la-petita-il%c2%b7lustrada-2020-2021-la-petjada-dels-gegants","status":"publish","type":"post","link":"https:\/\/www.lapetita.com\/blog\/la-petita-il%c2%b7lustrada-2020-2021-la-petjada-dels-gegants\/","title":{"rendered":"La Petita Il\u00b7lustrada 2020-2021: LA PETJADA DELS GEGANTS"},"content":{"rendered":"\n<p>Obrim el termini d\u2019inscripcions per a una nova edici\u00f3 de&nbsp;<strong>La Petita Il\u00b7lustrada<\/strong>, l\u2019espai de lectura y reflexi\u00f3 al voltant de l\u2019\u00e0lbum il\u00b7lustrat organitzat per la llibreria&nbsp;<strong>La Petita<\/strong>&nbsp;i dirigit per L\u2019<strong>Anna Juan Cantavella<\/strong>, especialista en \u00e0lbum,&nbsp;mediadora de lectura i membre&nbsp;del grup d\u2019investigaci\u00f3&nbsp;de literatura infantil GRETEL, aix\u00ed com autora del blog&nbsp;<a href=\"http:\/\/lacoleccionista-libroalbum.blogspot.com.es\/\" target=\"_blank\" rel=\"noreferrer noopener\">http:\/\/lacoleccionista-libroalbum.blogspot.com.es\/<\/a><br><br>Com podeu imaginar, aquest any haurem d\u2019incorporar alguns petits canvis a la log\u00edstica de les nostres trobades, per\u00f2 m\u00e9s importants encara s\u00f3n les novetats que portem als continguts.<br>I \u00e9s que el que us oferim enguany ens sembla tan flipant que li hem posat t\u00edtol i tot. Aix\u00ed, us convidem a formalitzar la vostra inscripci\u00f3 a&#8230;<strong>LA PETJADA DELS GEGANTS<\/strong><\/p>\n\n\n\n<p>Bruno Munari, Margaret Wise Brown y Clement Hurd, Ann &amp; Paul Rand, Miroslav Sasek, Tomi Ungerer, Leo Lionni, Maurice Sendak, William Wondriska, Remy Charlip, Iela Mari o Ziraldo, entre d\u2019altres, han marcat la hist\u00f2ria recent de l\u2019\u00e0lbum. Les seves obres -entre moltes altres que no ens donar\u00e0 temps a llegir durant el cicle- van plantejar l\u2019\u00e0lbum com espai per a l\u2019experimentaci\u00f3 i el van obrir a llenguatges i disciplines diverses.<\/p>\n\n\n\n<p>Aquest any&nbsp;<strong>La petita il\u00b7lustrada<\/strong>&nbsp;vol ser un passeig per algunes de les obres clau en&nbsp;<strong>la hist\u00f2ria de l\u2019\u00e0lbum contemporani<\/strong>. A cada sessi\u00f3 analitzarem -a vegades amb l\u2019ajuda&nbsp;d\u2019editorials o d\u2019especialistes- una obra concreta. Ens endinsarem en el context en qu\u00e8 van&nbsp;estar escrites, en la vida dels i les autores, en la import\u00e0ncia de l\u2019obra en la transformaci\u00f3 del suport i ens submergirem en les seves dobles p\u00e0gines per a una lectura profunda. Una lectura que ens ajudar\u00e0 a resseguir les seves petjades en la producci\u00f3 actual d\u2019\u00e0lbum. Quines formes o aspectes -explorats fa temps- segueixen presents en la producci\u00f3 actual? Quins \u00e0lbums actuals dialoguen, reten homenatges o fan clucades d\u2019ullet a aquestes obres ja cl\u00e0ssiques?<\/p>\n\n\n\n<p><strong>PROGRAMACI\u00d3<\/strong><\/p>\n\n\n\n<p><strong>1 SESSI\u00d3. 16\/10\/2020<\/strong>&nbsp;<strong><em>S\u00e8rie de 1945&nbsp;<\/em><\/strong>Bruno Munari, Ni\u00f1o editor<br><br><strong>2 SESSI\u00d3. 20\/11\/2020&nbsp;<\/strong><strong>B<em>uenas noches, luna<\/em>&nbsp;<\/strong>Margaret Wise Brown y Clement Hurd (1947)<br><br><strong>3 SESSI\u00d3. 18\/12\/2020&nbsp;<\/strong><strong><em>S\u00e9 muchas cosas<\/em><\/strong><em>, Ann y Paul Rand. BFE. (1956)<\/em><br><br><strong>4 SESSI\u00d3. 22\/01\/2020&nbsp;<\/strong><em>&nbsp;<strong>Esto es Par\u00eds<\/strong><\/em>, S\u00e4sek, Impedimenta (1959)<br><br><strong>5 SESSI\u00d3. 26\/02\/2020&nbsp;<\/strong>La recuperaci\u00f3 dels cl\u00e0ssics per&nbsp;<strong>Xos\u00e9 Ballesteros<\/strong>:&nbsp;<strong><em>Petit blau, petit groc&nbsp;&nbsp;<\/em><\/strong>(1959),&nbsp;<strong><em>Els tres bandits<\/em><\/strong>, Tomi Ungerer (1962) i&nbsp;<strong><em>All\u00e0 on viuen els monstres<\/em><\/strong>, Maurice Sendak (1963),&nbsp;<strong><em>Historia de un globito rojo<\/em><\/strong><em>,&nbsp;<\/em>Iela Mari, Kalandraka (1967)<br><br><strong>6 SESSI\u00d3. 12\/03\/2020&nbsp;<\/strong><strong><em>All by myself<\/em><\/strong><strong>,<\/strong>&nbsp;William Wondriska (1963)<br><br><strong>7 SESSI\u00d3. 07\/05\/2020 &nbsp;<\/strong><strong><em>Afortunadamente<\/em><\/strong><strong>,<\/strong>&nbsp;R\u00e9my Charlip (1964) amb la participaci\u00f3 de l\u2019editora de Lata de sal.<br><br><strong>8 SESSI\u00d3. 11\/06\/2020<\/strong><strong>&nbsp;<em>Flicts<\/em>,&nbsp;<\/strong>Ziraldo (1969), amb la participaci\u00f3 de l\u2019especialista brasilera en llibres infantils Silvana Gili.<br>&nbsp;<br><strong>On:<\/strong>&nbsp;Sala La Juanita (presencial) o Zoom (telem\u00e0tic)<br><strong>Quan:<\/strong>&nbsp;una tarda de divendres al mes, de 18:00 a 20:00 hores<\/p>\n\n\n\n<p><strong>Preu inscripci\u00f3 Cicle<\/strong>:&nbsp;<strong>80\u20ac<\/strong><\/p>\n\n\n\n<p><strong>Preu inscripci\u00f3 sessions individuals<\/strong>:&nbsp;<strong>10\u20ac<\/strong>&nbsp;(Subjecte a disponibilitat de places i sempre amb la reserva tancada el mes anterior, per poder posar a disposici\u00f3 de l\u2019assistent les instruccions de treball de la sessi\u00f3).<\/p>\n\n\n\n<p><strong>M\u00e9s info i inscripcions a<\/strong>:&nbsp;<a href=\"mailto:info@lapetita.com\" target=\"_blank\" rel=\"noreferrer noopener\">info@lapetita.com<\/a><br><strong>Nota<\/strong>. Les inscripcions nom\u00e9s seran v\u00e0lides a partir del moment de la formalitzaci\u00f3 del pagament.<br><br><strong>Formes de pagament&nbsp;<\/strong>:<br><strong>Presencial&nbsp;<\/strong>: A la llibreria la Petita, Mari\u00e0 Aguil\u00f3, 115<\/p>\n\n\n\n<p><strong>Transfer\u00e8ncia<\/strong>: Wordsinprogress, SL.<br><strong>IBAN: ES46 0081 0565 1500 0146 6552<\/strong><\/p>\n","protected":false},"excerpt":{"rendered":"<p>Obrim el termini d\u2019inscripcions per a una nova edici\u00f3 de&nbsp;La Petita Il\u00b7lustrada, l\u2019espai de lectura y reflexi\u00f3 al voltant de l\u2019\u00e0lbum il\u00b7lustrat organitzat per la llibreria&nbsp;La Petita&nbsp;i dirigit per L\u2019Anna Juan Cantavella, especialista en \u00e0lbum,&nbsp;mediadora de lectura i membre&nbsp;del grup d\u2019investigaci\u00f3&nbsp;de literatura infantil GRETEL, aix\u00ed com autora del blog&nbsp;http:\/\/lacoleccionista-libroalbum.blogspot.com.es\/ Com podeu imaginar, aquest any haurem [&hellip;]<\/p>\n","protected":false},"author":2,"featured_media":2536,"comment_status":"open","ping_status":"open","sticky":false,"template":"","format":"standard","meta":{"footnotes":""},"categories":[6,10,11,36,35,29,33,44,69,70,395,72,86,94],"tags":[396,393],"_links":{"self":[{"href":"https:\/\/www.lapetita.com\/blog\/wp-json\/wp\/v2\/posts\/2533"}],"collection":[{"href":"https:\/\/www.lapetita.com\/blog\/wp-json\/wp\/v2\/posts"}],"about":[{"href":"https:\/\/www.lapetita.com\/blog\/wp-json\/wp\/v2\/types\/post"}],"author":[{"embeddable":true,"href":"https:\/\/www.lapetita.com\/blog\/wp-json\/wp\/v2\/users\/2"}],"replies":[{"embeddable":true,"href":"https:\/\/www.lapetita.com\/blog\/wp-json\/wp\/v2\/comments?post=2533"}],"version-history":[{"count":1,"href":"https:\/\/www.lapetita.com\/blog\/wp-json\/wp\/v2\/posts\/2533\/revisions"}],"predecessor-version":[{"id":2535,"href":"https:\/\/www.lapetita.com\/blog\/wp-json\/wp\/v2\/posts\/2533\/revisions\/2535"}],"wp:featuredmedia":[{"embeddable":true,"href":"https:\/\/www.lapetita.com\/blog\/wp-json\/wp\/v2\/media\/2536"}],"wp:attachment":[{"href":"https:\/\/www.lapetita.com\/blog\/wp-json\/wp\/v2\/media?parent=2533"}],"wp:term":[{"taxonomy":"category","embeddable":true,"href":"https:\/\/www.lapetita.com\/blog\/wp-json\/wp\/v2\/categories?post=2533"},{"taxonomy":"post_tag","embeddable":true,"href":"https:\/\/www.lapetita.com\/blog\/wp-json\/wp\/v2\/tags?post=2533"}],"curies":[{"name":"wp","href":"https:\/\/api.w.org\/{rel}","templated":true}]}}