{"id":2541,"date":"2020-11-16T07:18:13","date_gmt":"2020-11-16T07:18:13","guid":{"rendered":"https:\/\/www.lapetita.com\/blog\/?p=2541"},"modified":"2020-11-16T07:18:15","modified_gmt":"2020-11-16T07:18:15","slug":"premis-nollegiu-la-petita-2020","status":"publish","type":"post","link":"https:\/\/www.lapetita.com\/blog\/premis-nollegiu-la-petita-2020\/","title":{"rendered":"Premis Nollegiu &#8211; La Petita 2020"},"content":{"rendered":"\n<div class=\"wp-block-image\"><figure class=\"aligncenter size-large\"><img loading=\"lazy\" decoding=\"async\" width=\"350\" height=\"247\" src=\"https:\/\/www.lapetita.com\/blog\/wp-content\/uploads\/2020\/11\/premios-2020.jpg\" alt=\"\" class=\"wp-image-2542\" srcset=\"https:\/\/www.lapetita.com\/blog\/wp-content\/uploads\/2020\/11\/premios-2020.jpg 350w, https:\/\/www.lapetita.com\/blog\/wp-content\/uploads\/2020\/11\/premios-2020-300x212.jpg 300w\" sizes=\"(max-width: 350px) 100vw, 350px\" \/><\/figure><\/div>\n\n\n\n<h2 class=\"wp-block-heading\">Premis Nollegiu La Petita 2020 al llibre de l&#8217;any<\/h2>\n\n\n\n<p>Comen\u00e7a el proc\u00e9s de selecci\u00f3 de llibre de l&#8217;any triat pels lectors i les llibreries Nollegiu i La Petita. Comencem el proc\u00e9s esperant les vostres propostes. Podeu enviar-les d&#8217;entre els llibres publicats entre l&#8217;1 de novembre de 2019 i el 31 d&#8217;octubre de 2020 amb un mail a premis@nollegiu.cat i teniu temps d&#8217;enviar-les fins al 13 de desembre.<\/p>\n\n\n\n<p>La setmana seg\u00fcent publicarem una enquesta web perqu\u00e8 voteu els dos t\u00edtols que preferiu i podreu votar fins al 24 de gener d&#8217;entre totes les propostes. El llibre m\u00e9s votat ser\u00e0 el Llibre Nollegiu 2020 i entre els il\u00b7lustrats, infantils i juvenils, el Llibre LaPetita 2020.<\/p>\n\n\n\n<p>Ja sabeu que si el llibre Nollegiu m\u00e9s votat no \u00e9s de poesia proclamarem el Llibre de Poesia Nollegiu 2020. I ens reservem la possibilitat de proclamar guanyadors per categories.<\/p>\n\n\n\n<p>Tamb\u00e9 atorgarem un premi a la iniciativa cultural i \/ o editorial d&#8217;2020. Si teniu propostes, tamb\u00e9 podeu enviar-les a premis@nollegiu.cat<\/p>\n\n\n\n<p>L&#8217;acte de proclamaci\u00f3 dels llibres Nollegiu LaPetita 2020 se celebrar\u00e0 el 31 de gener de 2021.<\/p>\n\n\n\n<p>Qu\u00e8 guanyen els premiats? Una valuos\u00edssima carta manuscrita dels llibreters de la Nollegiu i de LaPetita agraint la seva feina. No descartem una dotaci\u00f3 econ\u00f2mica si apareix algun esp\u00f2nsor \ud83d\ude42<\/p>\n","protected":false},"excerpt":{"rendered":"<p>Premis Nollegiu La Petita 2020 al llibre de l&#8217;any Comen\u00e7a el proc\u00e9s de selecci\u00f3 de llibre de l&#8217;any triat pels lectors i les llibreries Nollegiu i La Petita. Comencem el proc\u00e9s esperant les vostres propostes. Podeu enviar-les d&#8217;entre els llibres publicats entre l&#8217;1 de novembre de 2019 i el 31 d&#8217;octubre de 2020 amb un [&hellip;]<\/p>\n","protected":false},"author":2,"featured_media":0,"comment_status":"open","ping_status":"open","sticky":false,"template":"","format":"standard","meta":{"footnotes":""},"categories":[1],"tags":[119,357,296,397],"_links":{"self":[{"href":"https:\/\/www.lapetita.com\/blog\/wp-json\/wp\/v2\/posts\/2541"}],"collection":[{"href":"https:\/\/www.lapetita.com\/blog\/wp-json\/wp\/v2\/posts"}],"about":[{"href":"https:\/\/www.lapetita.com\/blog\/wp-json\/wp\/v2\/types\/post"}],"author":[{"embeddable":true,"href":"https:\/\/www.lapetita.com\/blog\/wp-json\/wp\/v2\/users\/2"}],"replies":[{"embeddable":true,"href":"https:\/\/www.lapetita.com\/blog\/wp-json\/wp\/v2\/comments?post=2541"}],"version-history":[{"count":1,"href":"https:\/\/www.lapetita.com\/blog\/wp-json\/wp\/v2\/posts\/2541\/revisions"}],"predecessor-version":[{"id":2543,"href":"https:\/\/www.lapetita.com\/blog\/wp-json\/wp\/v2\/posts\/2541\/revisions\/2543"}],"wp:attachment":[{"href":"https:\/\/www.lapetita.com\/blog\/wp-json\/wp\/v2\/media?parent=2541"}],"wp:term":[{"taxonomy":"category","embeddable":true,"href":"https:\/\/www.lapetita.com\/blog\/wp-json\/wp\/v2\/categories?post=2541"},{"taxonomy":"post_tag","embeddable":true,"href":"https:\/\/www.lapetita.com\/blog\/wp-json\/wp\/v2\/tags?post=2541"}],"curies":[{"name":"wp","href":"https:\/\/api.w.org\/{rel}","templated":true}]}}