{"id":2568,"date":"2021-03-03T11:07:33","date_gmt":"2021-03-03T11:07:33","guid":{"rendered":"https:\/\/www.lapetita.com\/blog\/?p=2568"},"modified":"2021-03-03T11:14:49","modified_gmt":"2021-03-03T11:14:49","slug":"apuntat-al-nostre-cicle-formatiu-dalbum-documental-i-llibres-de-coneixements","status":"publish","type":"post","link":"https:\/\/www.lapetita.com\/blog\/apuntat-al-nostre-cicle-formatiu-dalbum-documental-i-llibres-de-coneixements\/","title":{"rendered":"Apunta&#8217;t al nostre cicle formatiu d&#8217;\u00e0lbum documental i llibres de coneixements"},"content":{"rendered":"\n<p>Des de fa uns quants anys, la literatura infantil i juvenil ha obert un cam\u00ed extraordin\u00e0riament prol\u00edfic cap a la creaci\u00f3 d&#8217;\u00e0lbums documentals i llibres de coneixements capa\u00e7os de fer servir les eines gr\u00e0fiques de l&#8217;\u00e0lbum il\u00b7lustrat com a espai de trobada entre la ci\u00e8ncia i els lectors petits. <\/p>\n\n\n\n<p>#Aulapetita ha volgut dedicar a tot aquest ventall de llibres de nova creaci\u00f3, ideals per al desenvolupament a l&#8217;aula d&#8217;una ensenyan\u00e7a per projectes, un dels seus primers cursos. I, per fer-ho, comptem amb una de les especialistes m\u00e9s reconegudes en la mat\u00e8ria, l&#8217;Ana Cadrecha.<\/p>\n\n\n\n<div class=\"wp-block-image\"><figure class=\"aligncenter size-large is-resized\"><img loading=\"lazy\" decoding=\"async\" src=\"https:\/\/www.lapetita.com\/blog\/wp-content\/uploads\/2021\/03\/cadrecha-1024x885.jpg\" alt=\"\" class=\"wp-image-2556\" width=\"273\" height=\"236\" srcset=\"https:\/\/www.lapetita.com\/blog\/wp-content\/uploads\/2021\/03\/cadrecha-1024x885.jpg 1024w, https:\/\/www.lapetita.com\/blog\/wp-content\/uploads\/2021\/03\/cadrecha-300x259.jpg 300w, https:\/\/www.lapetita.com\/blog\/wp-content\/uploads\/2021\/03\/cadrecha-768x664.jpg 768w, https:\/\/www.lapetita.com\/blog\/wp-content\/uploads\/2021\/03\/cadrecha-1536x1328.jpg 1536w, https:\/\/www.lapetita.com\/blog\/wp-content\/uploads\/2021\/03\/cadrecha.jpg 1995w\" sizes=\"(max-width: 273px) 100vw, 273px\" \/><figcaption>mde<\/figcaption><\/figure><\/div>\n\n\n\n<p>Pedagoga, M\u00e0ster en Animaci\u00f3 lectora per la&nbsp; Universitat de Castilla La Mancha i en Literatura Infantil i Juvenil per l&#8217;Universitat de Barcelona, compatibilitza la seva feina com a formadora amb una segona vessant com a llibretera d&#8217;El Bosque de la Maga Colibr\u00ed, a la ciutat de Gij\u00f3n, que a la Petita ens agrada for\u00e7a. Que millor que treballar amb companys!.&nbsp;Des de 2015 ha adre\u00e7at el seu inter\u00e8s als llibres documentals, amb la intenci\u00f3 de potenciar el seu projecte personal, Llegir la ci\u00e8ncia.   <\/p>\n\n\n\n<p><em><strong>NOTA: Aquest curs s&#8217;impartir\u00e0 en Castell\u00e0<\/strong><\/em><\/p>\n\n\n\n<p> <\/p>\n","protected":false},"excerpt":{"rendered":"<p>Des de fa uns quants anys, la literatura infantil i juvenil ha obert un cam\u00ed extraordin\u00e0riament prol\u00edfic cap a la creaci\u00f3 d&#8217;\u00e0lbums documentals i llibres de coneixements capa\u00e7os de fer servir les eines gr\u00e0fiques de l&#8217;\u00e0lbum il\u00b7lustrat com a espai de trobada entre la ci\u00e8ncia i els lectors petits. #Aulapetita ha volgut dedicar a tot [&hellip;]<\/p>\n","protected":false},"author":2,"featured_media":2550,"comment_status":"open","ping_status":"open","sticky":false,"template":"","format":"standard","meta":{"footnotes":""},"categories":[413,412],"tags":[419,417,418,414,416,415],"_links":{"self":[{"href":"https:\/\/www.lapetita.com\/blog\/wp-json\/wp\/v2\/posts\/2568"}],"collection":[{"href":"https:\/\/www.lapetita.com\/blog\/wp-json\/wp\/v2\/posts"}],"about":[{"href":"https:\/\/www.lapetita.com\/blog\/wp-json\/wp\/v2\/types\/post"}],"author":[{"embeddable":true,"href":"https:\/\/www.lapetita.com\/blog\/wp-json\/wp\/v2\/users\/2"}],"replies":[{"embeddable":true,"href":"https:\/\/www.lapetita.com\/blog\/wp-json\/wp\/v2\/comments?post=2568"}],"version-history":[{"count":5,"href":"https:\/\/www.lapetita.com\/blog\/wp-json\/wp\/v2\/posts\/2568\/revisions"}],"predecessor-version":[{"id":2573,"href":"https:\/\/www.lapetita.com\/blog\/wp-json\/wp\/v2\/posts\/2568\/revisions\/2573"}],"wp:featuredmedia":[{"embeddable":true,"href":"https:\/\/www.lapetita.com\/blog\/wp-json\/wp\/v2\/media\/2550"}],"wp:attachment":[{"href":"https:\/\/www.lapetita.com\/blog\/wp-json\/wp\/v2\/media?parent=2568"}],"wp:term":[{"taxonomy":"category","embeddable":true,"href":"https:\/\/www.lapetita.com\/blog\/wp-json\/wp\/v2\/categories?post=2568"},{"taxonomy":"post_tag","embeddable":true,"href":"https:\/\/www.lapetita.com\/blog\/wp-json\/wp\/v2\/tags?post=2568"}],"curies":[{"name":"wp","href":"https:\/\/api.w.org\/{rel}","templated":true}]}}