{"id":2576,"date":"2021-04-19T14:32:45","date_gmt":"2021-04-19T14:32:45","guid":{"rendered":"https:\/\/www.lapetita.com\/blog\/?p=2576"},"modified":"2021-04-19T14:32:47","modified_gmt":"2021-04-19T14:32:47","slug":"recomanacions-de-sant-jordi","status":"publish","type":"post","link":"https:\/\/www.lapetita.com\/blog\/recomanacions-de-sant-jordi\/","title":{"rendered":"Recomanacions de Sant Jordi"},"content":{"rendered":"\n<p> S&#8217;acosta Sant Jordi i com cada any us recomanem els llibres que m\u00e9s ens agraden per a compartir i regalar en el Dia del Llibre als petits de la casa. Veureu queles recomanacions venen en forma d&#8217;una espectacular guia de lectura que fem en col\u00b7laboraci\u00f3 amb dues escoles del barri, Fluvi\u00e0 i Mar Bella gr\u00e0cies a dues mestres i mares amb empenta: A\u00efda M\u00e1rquez Bonet i Noem\u00ed Artigas de la Rosa. <\/p>\n\n\n\n<p>Esperem que gaudiu d&#8217;aquest Sant Jordi una mica estrany amb aquells que estimeu i amb les millors lectures.<\/p>\n\n\n\n<p>Podeu descarregar al guia de lectura prement al bot\u00f3 de \u00abDescarga\u00bb que trobareu aqu\u00ed sota:<\/p>\n\n\n\n<div class=\"wp-block-file\"><a href=\"https:\/\/www.lapetita.com\/blog\/wp-content\/uploads\/2021\/04\/GUIA-DE-LECTURA-SANT-JORDI-2021.pdf\">GUIA-DE-LECTURA-SANT-JORDI-2021<\/a><a href=\"https:\/\/www.lapetita.com\/blog\/wp-content\/uploads\/2021\/04\/GUIA-DE-LECTURA-SANT-JORDI-2021.pdf\" class=\"wp-block-file__button\" download>Descarga<\/a><\/div>\n","protected":false},"excerpt":{"rendered":"<p>S&#8217;acosta Sant Jordi i com cada any us recomanem els llibres que m\u00e9s ens agraden per a compartir i regalar en el Dia del Llibre als petits de la casa. Veureu queles recomanacions venen en forma d&#8217;una espectacular guia de lectura que fem en col\u00b7laboraci\u00f3 amb dues escoles del barri, Fluvi\u00e0 i Mar Bella gr\u00e0cies [&hellip;]<\/p>\n","protected":false},"author":2,"featured_media":2580,"comment_status":"open","ping_status":"open","sticky":false,"template":"","format":"standard","meta":{"footnotes":""},"categories":[1],"tags":[356,357,305,420],"_links":{"self":[{"href":"https:\/\/www.lapetita.com\/blog\/wp-json\/wp\/v2\/posts\/2576"}],"collection":[{"href":"https:\/\/www.lapetita.com\/blog\/wp-json\/wp\/v2\/posts"}],"about":[{"href":"https:\/\/www.lapetita.com\/blog\/wp-json\/wp\/v2\/types\/post"}],"author":[{"embeddable":true,"href":"https:\/\/www.lapetita.com\/blog\/wp-json\/wp\/v2\/users\/2"}],"replies":[{"embeddable":true,"href":"https:\/\/www.lapetita.com\/blog\/wp-json\/wp\/v2\/comments?post=2576"}],"version-history":[{"count":4,"href":"https:\/\/www.lapetita.com\/blog\/wp-json\/wp\/v2\/posts\/2576\/revisions"}],"predecessor-version":[{"id":2583,"href":"https:\/\/www.lapetita.com\/blog\/wp-json\/wp\/v2\/posts\/2576\/revisions\/2583"}],"wp:featuredmedia":[{"embeddable":true,"href":"https:\/\/www.lapetita.com\/blog\/wp-json\/wp\/v2\/media\/2580"}],"wp:attachment":[{"href":"https:\/\/www.lapetita.com\/blog\/wp-json\/wp\/v2\/media?parent=2576"}],"wp:term":[{"taxonomy":"category","embeddable":true,"href":"https:\/\/www.lapetita.com\/blog\/wp-json\/wp\/v2\/categories?post=2576"},{"taxonomy":"post_tag","embeddable":true,"href":"https:\/\/www.lapetita.com\/blog\/wp-json\/wp\/v2\/tags?post=2576"}],"curies":[{"name":"wp","href":"https:\/\/api.w.org\/{rel}","templated":true}]}}