{"id":2606,"date":"2022-04-20T11:43:48","date_gmt":"2022-04-20T11:43:48","guid":{"rendered":"https:\/\/www.lapetita.com\/blog\/?p=2606"},"modified":"2022-04-20T11:43:51","modified_gmt":"2022-04-20T11:43:51","slug":"recomanacions-per-sant-jordi","status":"publish","type":"post","link":"https:\/\/www.lapetita.com\/blog\/recomanacions-per-sant-jordi\/","title":{"rendered":"Recomanacions per Sant Jordi"},"content":{"rendered":"\n<p>Arriben les guies de recomanacions de Sant Jordi fetes conjuntament amb mestres fant\u00e0stiques i amb ganes d&#8217;encomanar l&#8217;estima per la lectura des de ben petits.<\/p>\n\n\n\n<p>Com els \u00faltims anys, trobareu les recomanacions que fem amb l&#8217;Escola Fluvi\u00e0 i les seves mestres: A\u00efda M\u00e1rquez Bonet i Noem\u00ed Artigas de la Rosa.<\/p>\n\n\n\n<p>Per altra banda, incorporem recomanacions per a una franja d&#8217;edat a la que tenim molta estima i intentem cuidar tant com podem, el 0-3. Aquesta guia l&#8217;ha elaborat la mestra de l&#8217;Escola Bressol Mar Xica Lidia Ramiro.<\/p>\n\n\n\n<p>Recordeu que el dia de Sant Jordi ens trobareu a la llibreria, a Carrer Llull 173. Tamb\u00e9 tornem a la Rambla, aquesta vegada estarem en una parada fant\u00e0stica a Rambla amb cantonada Llull.<\/p>\n\n\n\n<p>Esperem que gaudiu d&#8217;all\u00f2 m\u00e9s aquest Sant Jordi i que els llibres i les roses inundin les vostres llars!<\/p>\n\n\n\n<p>Podeu descarregar les guies prement el bot\u00f3 Descarga que trobareu a continuaci\u00f3:<\/p>\n\n\n\n<div class=\"wp-block-file\"><a href=\"https:\/\/www.lapetita.com\/blog\/wp-content\/uploads\/2022\/04\/GUIA-DE-LECTURA-2n-TRIMESTRE-2022-Fluvi\u00e0.pdf\">Recomanacions de Sant Jordi per 3-12 anys per a l&#8217;Escola Fluvi\u00e0<\/a><a href=\"https:\/\/www.lapetita.com\/blog\/wp-content\/uploads\/2022\/04\/GUIA-DE-LECTURA-2n-TRIMESTRE-2022-Fluvi\u00e0.pdf\" class=\"wp-block-file__button\" download>Descarga<\/a><\/div>\n\n\n\n<div class=\"wp-block-file\"><a href=\"https:\/\/www.lapetita.com\/blog\/wp-content\/uploads\/2022\/04\/Recomanacions-La-petita_St-Jordi-22-Mar-Xica.pdf\">Recomanacions de Sant Jordi per a 0-3 anys amb la Mar-Xica<\/a><a href=\"https:\/\/www.lapetita.com\/blog\/wp-content\/uploads\/2022\/04\/Recomanacions-La-petita_St-Jordi-22-Mar-Xica.pdf\" class=\"wp-block-file__button\" download>Descarga<\/a><\/div>\n","protected":false},"excerpt":{"rendered":"<p>Arriben les guies de recomanacions de Sant Jordi fetes conjuntament amb mestres fant\u00e0stiques i amb ganes d&#8217;encomanar l&#8217;estima per la lectura des de ben petits. Com els \u00faltims anys, trobareu les recomanacions que fem amb l&#8217;Escola Fluvi\u00e0 i les seves mestres: A\u00efda M\u00e1rquez Bonet i Noem\u00ed Artigas de la Rosa. Per altra banda, incorporem recomanacions [&hellip;]<\/p>\n","protected":false},"author":2,"featured_media":2611,"comment_status":"open","ping_status":"open","sticky":false,"template":"","format":"standard","meta":{"footnotes":""},"categories":[6,7,8,11,36,35,23,24,25,26,27,28,29,33,1],"tags":[119,425,429,428,357,305,306,427],"_links":{"self":[{"href":"https:\/\/www.lapetita.com\/blog\/wp-json\/wp\/v2\/posts\/2606"}],"collection":[{"href":"https:\/\/www.lapetita.com\/blog\/wp-json\/wp\/v2\/posts"}],"about":[{"href":"https:\/\/www.lapetita.com\/blog\/wp-json\/wp\/v2\/types\/post"}],"author":[{"embeddable":true,"href":"https:\/\/www.lapetita.com\/blog\/wp-json\/wp\/v2\/users\/2"}],"replies":[{"embeddable":true,"href":"https:\/\/www.lapetita.com\/blog\/wp-json\/wp\/v2\/comments?post=2606"}],"version-history":[{"count":2,"href":"https:\/\/www.lapetita.com\/blog\/wp-json\/wp\/v2\/posts\/2606\/revisions"}],"predecessor-version":[{"id":2612,"href":"https:\/\/www.lapetita.com\/blog\/wp-json\/wp\/v2\/posts\/2606\/revisions\/2612"}],"wp:featuredmedia":[{"embeddable":true,"href":"https:\/\/www.lapetita.com\/blog\/wp-json\/wp\/v2\/media\/2611"}],"wp:attachment":[{"href":"https:\/\/www.lapetita.com\/blog\/wp-json\/wp\/v2\/media?parent=2606"}],"wp:term":[{"taxonomy":"category","embeddable":true,"href":"https:\/\/www.lapetita.com\/blog\/wp-json\/wp\/v2\/categories?post=2606"},{"taxonomy":"post_tag","embeddable":true,"href":"https:\/\/www.lapetita.com\/blog\/wp-json\/wp\/v2\/tags?post=2606"}],"curies":[{"name":"wp","href":"https:\/\/api.w.org\/{rel}","templated":true}]}}