{"id":2641,"date":"2024-02-24T19:15:49","date_gmt":"2024-02-24T19:15:49","guid":{"rendered":"https:\/\/www.lapetita.com\/blog\/?p=2641"},"modified":"2024-02-24T19:33:12","modified_gmt":"2024-02-24T19:33:12","slug":"primavera-de-contes-a-la-petita","status":"publish","type":"post","link":"https:\/\/www.lapetita.com\/blog\/primavera-de-contes-a-la-petita\/","title":{"rendered":"Primavera de contes a La Petita"},"content":{"rendered":"\n<p>Arriba a La Petita la segona edici\u00f3 d&#8217;un festival nascut per presentar al p\u00fablic familiar les novetats m\u00e9s vibrants de la literatura infantil en viu i en directe.<\/p>\n\n\n\n<figure class=\"wp-block-image size-large\"><img decoding=\"async\" src=\"https:\/\/www.lapetita.com\/es\/archivos\/flayer-la-petita-ultim.jpg\" alt=\"\"\/><\/figure>\n","protected":false},"excerpt":{"rendered":"<p>Arriba a La Petita la segona edici\u00f3 d&#8217;un festival nascut per presentar al p\u00fablic familiar les novetats m\u00e9s vibrants de la literatura infantil en viu i en directe.<\/p>\n","protected":false},"author":2,"featured_media":2649,"comment_status":"open","ping_status":"open","sticky":true,"template":"","format":"standard","meta":{"footnotes":""},"categories":[6,12,14],"tags":[119,434,134,433,411,426],"_links":{"self":[{"href":"https:\/\/www.lapetita.com\/blog\/wp-json\/wp\/v2\/posts\/2641"}],"collection":[{"href":"https:\/\/www.lapetita.com\/blog\/wp-json\/wp\/v2\/posts"}],"about":[{"href":"https:\/\/www.lapetita.com\/blog\/wp-json\/wp\/v2\/types\/post"}],"author":[{"embeddable":true,"href":"https:\/\/www.lapetita.com\/blog\/wp-json\/wp\/v2\/users\/2"}],"replies":[{"embeddable":true,"href":"https:\/\/www.lapetita.com\/blog\/wp-json\/wp\/v2\/comments?post=2641"}],"version-history":[{"count":3,"href":"https:\/\/www.lapetita.com\/blog\/wp-json\/wp\/v2\/posts\/2641\/revisions"}],"predecessor-version":[{"id":2648,"href":"https:\/\/www.lapetita.com\/blog\/wp-json\/wp\/v2\/posts\/2641\/revisions\/2648"}],"wp:featuredmedia":[{"embeddable":true,"href":"https:\/\/www.lapetita.com\/blog\/wp-json\/wp\/v2\/media\/2649"}],"wp:attachment":[{"href":"https:\/\/www.lapetita.com\/blog\/wp-json\/wp\/v2\/media?parent=2641"}],"wp:term":[{"taxonomy":"category","embeddable":true,"href":"https:\/\/www.lapetita.com\/blog\/wp-json\/wp\/v2\/categories?post=2641"},{"taxonomy":"post_tag","embeddable":true,"href":"https:\/\/www.lapetita.com\/blog\/wp-json\/wp\/v2\/tags?post=2641"}],"curies":[{"name":"wp","href":"https:\/\/api.w.org\/{rel}","templated":true}]}}