{"id":404,"date":"2015-02-10T18:31:14","date_gmt":"2015-02-10T18:31:14","guid":{"rendered":"http:\/\/elblogdelapetita.com\/?p=404"},"modified":"2015-02-10T18:31:14","modified_gmt":"2015-02-10T18:31:14","slug":"ya-tenemos-fecha-para-la-proxima-sesion-de-nocreixeu","status":"publish","type":"post","link":"https:\/\/www.lapetita.com\/blog\/ya-tenemos-fecha-para-la-proxima-sesion-de-nocreixeu\/","title":{"rendered":"Ya tenemos fecha para la pr\u00f3xima sesi\u00f3n de #Nocreixeu"},"content":{"rendered":"<p>El club de lectura de <strong>La Petita<\/strong> y <strong>Nollegiu<\/strong> comienza a coger ritmo. El pr\u00f3ximo <strong>s\u00e1bado 21 de febrero<\/strong>, a las <strong>18:30<\/strong>, volvemos a la carga. Esta vez, el protagonista ser\u00e1 <strong>David Walliams<\/strong>, autor de novelas como L&#8217;avia Gangster\/ La abuela gangster, El mago del bal\u00f3n, El noi del Mili\u00f3 o, su \u00faltima novela. <strong>Un amic Excepcional \/ Un amigo excepcional.<\/strong><img loading=\"lazy\" decoding=\"async\" class=\" size-full wp-image-406 alignleft\" src=\"https:\/\/elblogdelapetita.files.wordpress.com\/2015\/02\/xiol.jpg\" alt=\"xiol\" width=\"225\" height=\"225\" srcset=\"https:\/\/www.lapetita.com\/blog\/wp-content\/uploads\/2015\/02\/xiol.jpg 225w, https:\/\/www.lapetita.com\/blog\/wp-content\/uploads\/2015\/02\/xiol-150x150.jpg 150w\" sizes=\"(max-width: 225px) 100vw, 225px\" \/><\/p>\n<p><strong>Gemma Xiol<\/strong>, editora de <strong>Montena<\/strong> y responsable de la publicaci\u00f3n de los libros de Walliams en Castellano y Catal\u00e1n, nos acompa\u00f1ar\u00e1 en la que ser\u00e1 nuestra primera sesi\u00f3n del club de lectura en fin de semana. Lo de competir con las extraescolares de los colegios y los institutos era una tarea demasiado complicada.<\/p>\n<p>As\u00ed que ya sab\u00e9is, si no ten\u00e9is plan para ese s\u00e1bado, venid a charlar de libros, personajes divertidos y novelas fant\u00e1sticas.<\/p>\n<p>La cita es en <strong>Nollegiu, C\/ Amistat 30<\/strong> a las <strong>18:30<\/strong>.<\/p>\n<p>El precio de la sesi\u00f3n es d<img loading=\"lazy\" decoding=\"async\" class=\"  wp-image-407 alignleft\" src=\"https:\/\/elblogdelapetita.files.wordpress.com\/2015\/02\/walliams.jpg\" alt=\"walliams\" width=\"224\" height=\"197\" \/>e <strong>5\u20ac<\/strong>, con un descuento del <strong>5%<\/strong> por la compra anticipada de <strong>Un amic excepcional<\/strong>\u00a0en cualquiera de las dos librer\u00edas para quienes vay\u00e1is a asistir.<\/p>\n<p>No os lo perd\u00e1is, la primera sesi\u00f3n fue fant\u00e1stica.<\/p>\n","protected":false},"excerpt":{"rendered":"<p>El club de lectura de La Petita y Nollegiu comienza a coger ritmo. El pr\u00f3ximo s\u00e1bado 21 de febrero, a las 18:30, volvemos a la carga. Esta vez, el protagonista ser\u00e1 David Walliams, autor de novelas como L&#8217;avia Gangster\/ La abuela gangster, El mago del bal\u00f3n, El noi del Mili\u00f3 o, su \u00faltima novela. Un [&hellip;]<\/p>\n","protected":false},"author":3,"featured_media":405,"comment_status":"open","ping_status":"open","sticky":false,"template":"","format":"standard","meta":{"footnotes":""},"categories":[9,48,89],"tags":[183],"_links":{"self":[{"href":"https:\/\/www.lapetita.com\/blog\/wp-json\/wp\/v2\/posts\/404"}],"collection":[{"href":"https:\/\/www.lapetita.com\/blog\/wp-json\/wp\/v2\/posts"}],"about":[{"href":"https:\/\/www.lapetita.com\/blog\/wp-json\/wp\/v2\/types\/post"}],"author":[{"embeddable":true,"href":"https:\/\/www.lapetita.com\/blog\/wp-json\/wp\/v2\/users\/3"}],"replies":[{"embeddable":true,"href":"https:\/\/www.lapetita.com\/blog\/wp-json\/wp\/v2\/comments?post=404"}],"version-history":[{"count":0,"href":"https:\/\/www.lapetita.com\/blog\/wp-json\/wp\/v2\/posts\/404\/revisions"}],"wp:featuredmedia":[{"embeddable":true,"href":"https:\/\/www.lapetita.com\/blog\/wp-json\/wp\/v2\/media\/405"}],"wp:attachment":[{"href":"https:\/\/www.lapetita.com\/blog\/wp-json\/wp\/v2\/media?parent=404"}],"wp:term":[{"taxonomy":"category","embeddable":true,"href":"https:\/\/www.lapetita.com\/blog\/wp-json\/wp\/v2\/categories?post=404"},{"taxonomy":"post_tag","embeddable":true,"href":"https:\/\/www.lapetita.com\/blog\/wp-json\/wp\/v2\/tags?post=404"}],"curies":[{"name":"wp","href":"https:\/\/api.w.org\/{rel}","templated":true}]}}