{"id":432,"date":"2015-05-02T23:18:21","date_gmt":"2015-05-02T23:18:21","guid":{"rendered":"http:\/\/elblogdelapetita.com\/?p=432"},"modified":"2015-05-02T23:18:21","modified_gmt":"2015-05-02T23:18:21","slug":"mayo-en-la-petita-talleres-cuentos-y-una-visita-un-poco-gorrina","status":"publish","type":"post","link":"https:\/\/www.lapetita.com\/blog\/mayo-en-la-petita-talleres-cuentos-y-una-visita-un-poco-gorrina\/","title":{"rendered":"Mayo en la Petita, talleres, cuentos y una visita un poco gorrina"},"content":{"rendered":"<table id=\"templateContainer\" border=\"0\" width=\"600\" cellspacing=\"0\" cellpadding=\"0\">\n<tbody>\n<tr>\n<td align=\"left\" valign=\"top\">\n<table id=\"templateHeader\" style=\"height:5px;\" border=\"0\" width=\"778\" cellspacing=\"0\" cellpadding=\"0\">\n<tbody>\n<tr>\n<td class=\"headerContainer\" valign=\"top\"><\/td>\n<\/tr>\n<\/tbody>\n<\/table>\n<\/td>\n<\/tr>\n<tr>\n<td align=\"left\" valign=\"top\">\n<table id=\"templateBody\" border=\"0\" width=\"600\" cellspacing=\"0\" cellpadding=\"0\">\n<tbody>\n<tr>\n<td class=\"bodyContainer\" valign=\"top\">\n<table class=\"mcnTextBlock\" border=\"0\" width=\"100%\" cellspacing=\"0\" cellpadding=\"0\">\n<tbody class=\"mcnTextBlockOuter\">\n<tr>\n<td class=\"mcnTextBlockInner\" valign=\"top\">\n<table class=\"mcnTextContentContainer\" style=\"height:1974px;\" border=\"0\" width=\"791\" cellspacing=\"0\" cellpadding=\"0\" align=\"left\">\n<tbody>\n<tr>\n<td class=\"mcnTextContent\" valign=\"top\">\n<div><strong><img loading=\"lazy\" decoding=\"async\" src=\"https:\/\/gallery.mailchimp.com\/91b695bd2cfd0b2378c5b6090\/images\/123575da-8b80-4a59-8fbb-d14d8b88382e.jpg\" alt=\"\" width=\"600\" height=\"199\" align=\"none\" \/><br \/>\nDimarts 5 de maig. Contacontes per a beb\u00e8s<\/strong><br \/>\n11 h. Sessi\u00f3 de contacontes per a beb\u00e8s de 0 a 12 mesos amb la <strong>Mariona Trenchs<\/strong>.<br \/>\nPlaces limitades, cal fer <a href=\"mailto:info@lapetita.com?subject=Reserva.%20Dimarts%205%20de%20maig.%20Contecontes%20per%20a%20beb%C3%A8s\" target=\"_blank\" rel=\"noopener noreferrer\">reserva<\/a> anticipada. 3\u20ac per fam\u00edlia<\/div>\n<div><\/div>\n<div><strong>Divendres 8 de maig. Taller i presentaci\u00f3 del conte Nora y Zoe, dos mam\u00e1s para un beb\u00e9 <\/strong><br \/>\n19.30 h. Encantats de rebre a la\u00a0<strong>Rosa Montero<\/strong>, autora dels llibres <a href=\"https:\/\/www.facebook.com\/cloequieresermama\" target=\"_blank\" rel=\"noopener noreferrer\"><em>Cloe quiere ser mam\u00e1<\/em><\/a> i<a href=\"https:\/\/www.facebook.com\/norayzoequierensermamas\" target=\"_blank\" rel=\"noopener noreferrer\"><em>Nora y Zoe, dos mam\u00e1s para un beb\u00e9<\/em><\/a>, per presentar el seu nou llibre i posar en com\u00fa temes\u00a0<span style=\"color:#505050;\">com la presa de decisi\u00f3, amb qui compartir el projecte de ser mare en una fam\u00edlia diversa, tractaments, aspectes psicol\u00f2gics&#8230; i com explicar als nens el seu origen, qu\u00e8 els hi expliquem, quan \u00e9s el millor moment,\u00a0qu\u00e8 explicar a l&#8217;entorn.\u00a0<\/span><span style=\"color:#505050;\">\u00c9s gratu\u00eft i sortejarem un dels contes entre tots els assistents<\/span><span style=\"color:#505050;\">.\u00a0<\/span><br \/>\n<span style=\"color:#505050;\">Places limitades. Cal confirmar assist\u00e8ncia a\u00a0<a href=\"mailto:info@lapetita.com?subject=Reserva%20plaza%20Nora%20y%20Zoe\" target=\"_blank\" rel=\"noopener noreferrer\">info@lapetita.com<\/a><\/span><span style=\"color:#505050;\">.<\/span><br \/>\n<span style=\"color:#505050;\">M\u00e9s informaci\u00f3 <a href=\"http:\/\/masola.org\/reproduccion-asistida-2\/en-barcelona-como-contarle-a-los-ninos-su-origen\/\" target=\"_blank\" rel=\"noopener noreferrer\">aqu\u00ed<\/a><\/span><strong>Dissabte 9 de maig. Conte animat<\/strong><br \/>\n11 h.<span style=\"color:#505050;\"> Contacontes + taller. <strong>Quin f\u00e0stic d&#8217;entrep\u00e0. Ed. Miau<\/strong><\/span><br \/>\n<span style=\"color:#505050;\">Places limitades, cal fer <a href=\"mailto:info@lapetita.com?subject=Reserva.%20Dissabte%209%20de%20maig.%20Conte%20animat\" target=\"_blank\" rel=\"noopener noreferrer\">reserva<\/a> anticipada. De 3 a 6 anys (activitat sense pares). <\/span><strong>6\u20ac <\/strong><\/p>\n<p><strong>Dissabte 9 de maig. Club de lectura juvenil <\/strong><strong>#Nocreixeu<\/strong><br \/>\n18.30 h.<span class=\"Apple-style-span\" style=\"color:#505050;\"> Nova sessi\u00f3 del grup de lectura juvenil de <strong>La Petita<\/strong> i <strong>Nollegiu<\/strong> (a partir de 9 anys).<\/span><br \/>\nGran festa al voltant de la saga Harry Potter, amb la pres\u00e8ncia d&#8217; <strong>Elisenda Roca<\/strong> i <strong>Laura Escorihuela<\/strong>.<br \/>\n<span style=\"color:#505050;\">Places limitades, cal fer <a href=\"mailto:info@lapetita.com?subject=Reserva.%20Dissabte%209%20de%20maig.%20Club%20de%20lectura%20juvenil\" target=\"_blank\" rel=\"noopener noreferrer\">reserva<\/a> anticipada.<\/span><\/p>\n<p><strong>Dijous 14 de maig. Contacontes d&#8217;1 a a 3 anys<\/strong><br \/>\n17.30 h. Sessi\u00f3 de contacontes per a beb\u00e8s de 12 a 36 mesos amb la <strong>Mariona Trenchs<\/strong>.<br \/>\nPlaces limitades, cal fer <a href=\"mailto:info@lapetita.com?subject=Reserva.%20Dijous%2014%20de%20maig.%20Contecontes%20per%20a%20nens%20fins%20a%203%20anys\" target=\"_blank\" rel=\"noopener noreferrer\">reserva<\/a> anticipada. 3\u20ac per fam\u00edlia<\/p>\n<p><strong>Dissabte 16 de maig. La PEPPA PIG a La Petita<\/strong><br \/>\n<span style=\"color:#505050;\">Vine a con\u00e8ixer-la i fes-te una foto amb la porqueta m\u00e9s famosa de la tele. Activitats durant tot el mat\u00ed.<\/span><\/p>\n<p><strong>Dissabte 23 de maig. Conte animat<\/strong><br \/>\n11 h.<span style=\"color:#505050;\"> Contacontes + taller. <strong>Roro Rugits. Ed. Miau<\/strong><\/span><br \/>\n<span style=\"color:#505050;\">Places limitades, cal fer <a href=\"mailto:info@lapetita.com?subject=Reserva.%20Dissabte%2023%20de%20maig.%20Conte%20animat\" target=\"_blank\" rel=\"noopener noreferrer\">reserva<\/a> anticipada. De 3 a 6 anys (activitat sense pares). <\/span><strong>6\u20ac<\/strong><\/p>\n<p><strong>Dissabte 30 de maig. Festa d&#8217;ANIVERSARI de la llibreria La Petita<\/strong><br \/>\n<span style=\"color:#505050;\"><strong>Complim 3 any<\/strong>s i volem celebrar-ho amb tots vosaltres. Un dia ple de sorpreses, regals, past\u00eds d&#8217;aniversari i 5% de descompte en totes les compres. Ben aviat rebreu m\u00e9s informaci\u00f3.<\/span><\/p>\n<\/div>\n<div><em><strong>Martes 5 de mayo. Cuentacuentos para beb\u00e9s\u00a0<\/strong><br \/>\n11 h.<span style=\"color:#505050;\">\u00a0Sessi\u00f3n de cuentacuentos para beb\u00e9s de 0 a 12 meses con\u00a0<\/span><strong>Mariona Trenchs<\/strong><span style=\"color:#505050;\">.<\/span><br \/>\n<span style=\"color:#505050;\">Plazas limitadas. Es necesario hacer <a href=\"mailto:info@lapetita.com?subject=Reserva.%20Martes%205%20de%20mayo.%20Cuentacuentos%20para%20beb%C3%A9s%20\" target=\"_blank\" rel=\"noopener noreferrer\">reserva<\/a> anticipada.\u00a0<\/span><strong>3\u20ac por familia<\/strong><\/em><em><strong>Viernes 8 de mayo. Taller y presentaci\u00f3n\u00a0del libro\u00a0Nora y Zoe, dos mam\u00e1s para un beb\u00e9<\/strong><br \/>\n19:30 h.<span style=\"color:#505050;\">\u00a0Encantados de recibir a\u00a0<\/span><strong>Rosa Montero<\/strong><span style=\"color:#505050;\">, autora de los libros\u00a0<\/span><a href=\"https:\/\/www.facebook.com\/cloequieresermama\" target=\"_blank\" rel=\"noopener noreferrer\">Cloe quiere ser mam\u00e1<\/a><span style=\"color:#505050;\">\u00a0y\u00a0<\/span><a href=\"https:\/\/www.facebook.com\/norayzoequierensermamas\" target=\"_blank\" rel=\"noopener noreferrer\">Nora y Zoe, dos mam\u00e1s para un beb\u00e9<\/a><span style=\"color:#505050;\">, para presentar su nuevo libro y poner\u00a0<\/span><span style=\"color:#505050;\">en com\u00fan temas como la toma de decisi\u00f3n, con qui\u00e9n compartir el proyecto de ser madre en una familia diversa, tratamientos, aspectos psicol\u00f3gicos&#8230; y c\u00f3mo explicar a los ni\u00f1os su origen, qu\u00e9 les tenemos que explicar, cu\u00e1ndo es el mejor momento para hacerlo, si debemos o no esperar a que nos pregunten, qu\u00e9 explicar al entorno.<\/span><br \/>\n<span style=\"color:#505050;\">Es gratuito y entre todos los asistentes sortearemos uno de los cuentos.<br \/>\nPlazas limitadas.\u00a0Es necesario confirmar asistencia\u00a0<\/span><span style=\"color:#505050;\">a\u00a0<a href=\"mailto:info@lapetita.com?subject=Reserva%20plaza%20Nora%20y%20Zoe\" target=\"_blank\" rel=\"noopener noreferrer\">info@lapetita.com<\/a><\/span><span style=\"color:#505050;\">.<\/span><br \/>\nM\u00e1s informaci\u00f3n\u00a0<a href=\"http:\/\/masola.org\/reproduccion-asistida-2\/en-barcelona-como-contarle-a-los-ninos-su-origen\/\" target=\"_blank\" rel=\"noopener noreferrer\">aqu\u00ed<\/a><\/em><\/p>\n<p><strong>S\u00e1bado 9 de mayo. Conte Animat<\/strong><br \/>\n11 h.<span style=\"color:#505050;\"> Cuentacuentos + taller. <strong>Qu\u00e9 asco de bocadillo. Ed. Miau<\/strong><\/span><strong><span style=\"color:#505050;\">.<\/span><\/strong><br \/>\n<span style=\"color:#505050;\">Plazas limitadas. Es necesario hacer <a href=\"mailto:info@lapetita.com?subject=Reserva.%20S%C3%A1bado%209%20de%20mayo.%20Conte%20Animat\" target=\"_blank\" rel=\"noopener noreferrer\">reserva<\/a> anticipada. De 3 a 6 a\u00f1os (actividad sin padres).<\/span><strong>6\u20ac<\/strong><\/p>\n<p><strong>S\u00e1bado 9 de mayo. Club de lectura juvenil <\/strong><strong>#Nocreixeu<\/strong><br \/>\n18.30.<span style=\"color:#505050;\"> Nueva sesi\u00f3n del grupo de lectura juvenil de La Petita y Nollegiu (a partir de 9 a\u00f1os).<br \/>\nGran fiesta alrededor de la saga Harry Potter, con la presencia de <strong>Elisenda Roca<\/strong> y <strong>Laura Escorihuela<\/strong>.<\/span><br \/>\n<span style=\"color:#505050;\">Plazas limitadas. Es necesario hacer <a href=\"mailto:info@lapetita.com?subject=Reserva.%20S%C3%A1bado%209%20de%20mayo.%20Club%20de%20lectura%20juvenil\" target=\"_blank\" rel=\"noopener noreferrer\">reserva<\/a> anticipada. <\/span><\/p>\n<p><em><strong>Jueves 14 de mayo. Cuentacuentos de 1 a 3 a\u00f1os<\/strong><br \/>\n17.30 h.<span style=\"color:#505050;\">\u00a0Sesi\u00f3n de cuentacuentos para ni\u00f1os de\u00a012 a 36 meses con\u00a0<\/span><strong>Mariona Trenchs<\/strong><span style=\"color:#505050;\">.<\/span><br \/>\n<span style=\"color:#505050;\">Plazas limitadas. Es necesario hacer <a href=\"mailto:info@lapetita.com?subject=Reserva.%20Jueves%2014%20de%20mayo.%20Cuentacuentos%20para%20ni%C3%B1os%20hasta%203%20a%C3%B1os\" target=\"_blank\" rel=\"noopener noreferrer\">reserva<\/a> anticipada.\u00a0<\/span><strong>3\u20ac por famili<\/strong><strong>a<\/strong><\/em><\/p>\n<p><em><strong>S\u00e1bado 16 de mayo. PEPPA PIG en La Petita<\/strong><br \/>\n<span style=\"color:#505050;\">Ven a conocerla de cerca y hazte una foto con la cerdita m\u00e1s famosa de la tele.<br \/>\nActividades a lo largo de la ma\u00f1ana.<\/span><\/em><\/p>\n<p><strong>S\u00e1bado 23 de mayo. Conte Animat<\/strong><br \/>\n11 h.<span style=\"color:#505050;\"> Cuentacuentos + taller. <strong>Roro Rugidos. Ed. Miau<\/strong><\/span><strong><span style=\"color:#505050;\">.<\/span><\/strong><br \/>\n<span style=\"color:#505050;\">Plazas limitadas. Es necesario hacer <a href=\"mailto:info@lapetita.com?subject=Reserva.%20S%C3%A1bado%2023%20de%20mayo.%20Conte%20Animat\" target=\"_blank\" rel=\"noopener noreferrer\">reserva<\/a> anticipada. De 3 a 6 a\u00f1os (actividad sin padres).<\/span><strong>6\u20ac<\/strong><\/p>\n<p><em><strong>S\u00e1bado 30 de mayo. Fiesta de ANIVERSARIO de la librer\u00eda La Petita<\/strong><br \/>\n<span style=\"color:#505050;\"><strong>Cumplimos 3 a\u00f1os<\/strong> y queremos celebrarlo con todos vosotros. Un d\u00eda lleno de sorpresas, regalos, pastel de aniversario&#8230; y 5% de descuento en todas las compras. Pr\u00f3ximamente enviaremos m\u00e1s informaci\u00f3n.<\/span><\/em><\/p>\n<\/div>\n<\/td>\n<\/tr>\n<\/tbody>\n<\/table>\n<\/td>\n<\/tr>\n<\/tbody>\n<\/table>\n<\/td>\n<\/tr>\n<\/tbody>\n<\/table>\n<\/td>\n<\/tr>\n<\/tbody>\n<\/table>\n","protected":false},"excerpt":{"rendered":"<p>Dimarts 5 de maig. Contacontes per a beb\u00e8s 11 h. Sessi\u00f3 de contacontes per a beb\u00e8s de 0 a 12 mesos amb la Mariona Trenchs. Places limitades, cal fer reserva anticipada. 3\u20ac per fam\u00edlia Divendres 8 de maig. Taller i presentaci\u00f3 del conte Nora y Zoe, dos mam\u00e1s para un beb\u00e9 19.30 h. Encantats de [&hellip;]<\/p>\n","protected":false},"author":3,"featured_media":0,"comment_status":"open","ping_status":"open","sticky":false,"template":"","format":"standard","meta":{"footnotes":""},"categories":[40],"tags":[120,126,178,227,277,295],"_links":{"self":[{"href":"https:\/\/www.lapetita.com\/blog\/wp-json\/wp\/v2\/posts\/432"}],"collection":[{"href":"https:\/\/www.lapetita.com\/blog\/wp-json\/wp\/v2\/posts"}],"about":[{"href":"https:\/\/www.lapetita.com\/blog\/wp-json\/wp\/v2\/types\/post"}],"author":[{"embeddable":true,"href":"https:\/\/www.lapetita.com\/blog\/wp-json\/wp\/v2\/users\/3"}],"replies":[{"embeddable":true,"href":"https:\/\/www.lapetita.com\/blog\/wp-json\/wp\/v2\/comments?post=432"}],"version-history":[{"count":0,"href":"https:\/\/www.lapetita.com\/blog\/wp-json\/wp\/v2\/posts\/432\/revisions"}],"wp:attachment":[{"href":"https:\/\/www.lapetita.com\/blog\/wp-json\/wp\/v2\/media?parent=432"}],"wp:term":[{"taxonomy":"category","embeddable":true,"href":"https:\/\/www.lapetita.com\/blog\/wp-json\/wp\/v2\/categories?post=432"},{"taxonomy":"post_tag","embeddable":true,"href":"https:\/\/www.lapetita.com\/blog\/wp-json\/wp\/v2\/tags?post=432"}],"curies":[{"name":"wp","href":"https:\/\/api.w.org\/{rel}","templated":true}]}}