{"id":496,"date":"2015-09-29T17:35:27","date_gmt":"2015-09-29T17:35:27","guid":{"rendered":"http:\/\/elblogdelapetita.com\/?p=496"},"modified":"2015-09-29T17:35:27","modified_gmt":"2015-09-29T17:35:27","slug":"un-poema-otonal-de-lola-casas","status":"publish","type":"post","link":"https:\/\/www.lapetita.com\/blog\/un-poema-otonal-de-lola-casas\/","title":{"rendered":"Un poema oto\u00f1al de Lola Casas"},"content":{"rendered":"<p>Nos emociona la idea de tener con nosotros este mes a Lola Casas, una de las grandes de la poes\u00eda infantil contempor\u00e1nea en catal\u00e0. Mientras llega el d\u00eda, os iremos regalando algunos de los poemas del \u00faltimo de sus libros publicados (Poemas per&#8230; Ed. La Galera). As\u00ed vamos haciendo boca y, con suerte, os anim\u00e1is a venir el s\u00e1bado 24 para disfrutar con ella de su poes\u00eda cotidiana y amable, sencilla como lo son las cosas m\u00e1s bellas, ideal para iniciar a los peques en el placer de disfrutar de las palabras.<\/p>\n<p><strong>Can\u00e7oneta per anar a ca\u00e7ar fulles\u00a0<\/strong><\/p>\n<p>Fulla<\/p>\n<p>de color de mel,<\/p>\n<p>puja, puja<\/p>\n<p>cap al cel.<\/p>\n<p>Vola, vola,<\/p>\n<p>mai vas sola,<\/p>\n<p>i, si a terra et vols quedar,<\/p>\n<p>jo et podr\u00e9 trepitjar!<\/p>\n","protected":false},"excerpt":{"rendered":"<p>Nos emociona la idea de tener con nosotros este mes a Lola Casas, una de las grandes de la poes\u00eda infantil contempor\u00e1nea en catal\u00e0. Mientras llega el d\u00eda, os iremos regalando algunos de los poemas del \u00faltimo de sus libros publicados (Poemas per&#8230; Ed. La Galera). As\u00ed vamos haciendo boca y, con suerte, os anim\u00e1is [&hellip;]<\/p>\n","protected":false},"author":3,"featured_media":499,"comment_status":"open","ping_status":"open","sticky":false,"template":"","format":"standard","meta":{"footnotes":""},"categories":[82,95,97],"tags":[172,303],"_links":{"self":[{"href":"https:\/\/www.lapetita.com\/blog\/wp-json\/wp\/v2\/posts\/496"}],"collection":[{"href":"https:\/\/www.lapetita.com\/blog\/wp-json\/wp\/v2\/posts"}],"about":[{"href":"https:\/\/www.lapetita.com\/blog\/wp-json\/wp\/v2\/types\/post"}],"author":[{"embeddable":true,"href":"https:\/\/www.lapetita.com\/blog\/wp-json\/wp\/v2\/users\/3"}],"replies":[{"embeddable":true,"href":"https:\/\/www.lapetita.com\/blog\/wp-json\/wp\/v2\/comments?post=496"}],"version-history":[{"count":0,"href":"https:\/\/www.lapetita.com\/blog\/wp-json\/wp\/v2\/posts\/496\/revisions"}],"wp:featuredmedia":[{"embeddable":true,"href":"https:\/\/www.lapetita.com\/blog\/wp-json\/wp\/v2\/media\/499"}],"wp:attachment":[{"href":"https:\/\/www.lapetita.com\/blog\/wp-json\/wp\/v2\/media?parent=496"}],"wp:term":[{"taxonomy":"category","embeddable":true,"href":"https:\/\/www.lapetita.com\/blog\/wp-json\/wp\/v2\/categories?post=496"},{"taxonomy":"post_tag","embeddable":true,"href":"https:\/\/www.lapetita.com\/blog\/wp-json\/wp\/v2\/tags?post=496"}],"curies":[{"name":"wp","href":"https:\/\/api.w.org\/{rel}","templated":true}]}}