{"id":525,"date":"2015-10-05T16:32:25","date_gmt":"2015-10-05T16:32:25","guid":{"rendered":"http:\/\/elblogdelapetita.com\/?p=525"},"modified":"2015-10-05T16:32:25","modified_gmt":"2015-10-05T16:32:25","slug":"y-manana-a-las-1100-cuentacuentos-para-bebes-de-0-a-12","status":"publish","type":"post","link":"https:\/\/www.lapetita.com\/blog\/y-manana-a-las-1100-cuentacuentos-para-bebes-de-0-a-12\/","title":{"rendered":"Y ma\u00f1ana a las 11:00&#8230; Cuentacuentos para bebes, de 0 a 12"},"content":{"rendered":"<p>Con Mariona Trenchs.<\/p>\n<p>La m\u00e1s alucinante de las sesiones de lectura de cuentos que realizamos cada mes.<\/p>\n<p>A\u00fan est\u00e1is a tiempo de apuntaros&#8230;<\/p>\n<p>Hora 11:00 a.m.<\/p>\n<p>Precio: 4 \u20ac<\/p>\n<p>Os esperamos<\/p>\n","protected":false},"excerpt":{"rendered":"<p>Con Mariona Trenchs. La m\u00e1s alucinante de las sesiones de lectura de cuentos que realizamos cada mes. A\u00fan est\u00e1is a tiempo de apuntaros&#8230; Hora 11:00 a.m. Precio: 4 \u20ac Os esperamos<\/p>\n","protected":false},"author":3,"featured_media":527,"comment_status":"open","ping_status":"open","sticky":false,"template":"","format":"standard","meta":{"footnotes":""},"categories":[12,14,38,52,54,84],"tags":[126,127,130,174,179],"_links":{"self":[{"href":"https:\/\/www.lapetita.com\/blog\/wp-json\/wp\/v2\/posts\/525"}],"collection":[{"href":"https:\/\/www.lapetita.com\/blog\/wp-json\/wp\/v2\/posts"}],"about":[{"href":"https:\/\/www.lapetita.com\/blog\/wp-json\/wp\/v2\/types\/post"}],"author":[{"embeddable":true,"href":"https:\/\/www.lapetita.com\/blog\/wp-json\/wp\/v2\/users\/3"}],"replies":[{"embeddable":true,"href":"https:\/\/www.lapetita.com\/blog\/wp-json\/wp\/v2\/comments?post=525"}],"version-history":[{"count":0,"href":"https:\/\/www.lapetita.com\/blog\/wp-json\/wp\/v2\/posts\/525\/revisions"}],"wp:featuredmedia":[{"embeddable":true,"href":"https:\/\/www.lapetita.com\/blog\/wp-json\/wp\/v2\/media\/527"}],"wp:attachment":[{"href":"https:\/\/www.lapetita.com\/blog\/wp-json\/wp\/v2\/media?parent=525"}],"wp:term":[{"taxonomy":"category","embeddable":true,"href":"https:\/\/www.lapetita.com\/blog\/wp-json\/wp\/v2\/categories?post=525"},{"taxonomy":"post_tag","embeddable":true,"href":"https:\/\/www.lapetita.com\/blog\/wp-json\/wp\/v2\/tags?post=525"}],"curies":[{"name":"wp","href":"https:\/\/api.w.org\/{rel}","templated":true}]}}