{"id":532,"date":"2015-10-19T16:34:29","date_gmt":"2015-10-19T16:34:29","guid":{"rendered":"http:\/\/elblogdelapetita.com\/?p=532"},"modified":"2015-10-19T16:34:29","modified_gmt":"2015-10-19T16:34:29","slug":"otro-poema-de-lola-casas","status":"publish","type":"post","link":"https:\/\/www.lapetita.com\/blog\/otro-poema-de-lola-casas\/","title":{"rendered":"Otro poema de Lola Casas"},"content":{"rendered":"<p>\u00bfTodav\u00eda no os hab\u00e9is apuntado para venir el s\u00e1bado a escuchar a Lola Casas recitando sus poes\u00edas&#8230;? Pues aqu\u00ed va otro poema, y ma\u00f1ana uno m\u00e1s, y al d\u00eda siguiente otro. Hasta que os resulte necesario, imprescindible, vital venir a compartir con nosotros una tarde de palabras de colores para ni\u00f1os y grandes.<\/p>\n<p>Ah\u00ed va uno de <em>bruixes<\/em>, que se acerca Hallowen<\/p>\n<p><em>Les bruixes,<\/em><\/p>\n<p><em>les dels contes i les de veritat,<\/em><\/p>\n<p><em>no tenen un gos:<\/em><\/p>\n<p><em>tenen un gat.<\/em><\/p>\n<p><em>Un gat negre<\/em><\/p>\n<p><em>de posat sorrut,<\/em><\/p>\n<p><em>p\u00e8l crespat<\/em><\/p>\n<p><em>i ulls<\/em><\/p>\n<p><em>d\u2019espurna salvatge.<\/em><\/p>\n<p><em>Un gat negre<\/em><\/p>\n<p><em>que, cada nit,<\/em><\/p>\n<p><em>(no ho sabies?)<\/em><\/p>\n<p><em>regala<\/em><\/p>\n<p><em>bocinets<\/em><\/p>\n<p><em>de lluna-de-formatge-tendre<\/em><\/p>\n<p><em>als ratolins m\u00e9s petits<\/em><\/p>\n<p><em>que viuen<\/em><\/p>\n<p><em>al cor del bosc.<\/em><\/p>\n<p><strong>(Del llibre\u00a0<\/strong><em><strong>Negre. La imagen la tomamos prestada de Brunilda, nuestra bruja de cuento favorita)<\/strong><\/em><\/p>\n","protected":false},"excerpt":{"rendered":"<p>\u00bfTodav\u00eda no os hab\u00e9is apuntado para venir el s\u00e1bado a escuchar a Lola Casas recitando sus poes\u00edas&#8230;? Pues aqu\u00ed va otro poema, y ma\u00f1ana uno m\u00e1s, y al d\u00eda siguiente otro. Hasta que os resulte necesario, imprescindible, vital venir a compartir con nosotros una tarde de palabras de colores para ni\u00f1os y grandes. Ah\u00ed va [&hellip;]<\/p>\n","protected":false},"author":3,"featured_media":533,"comment_status":"open","ping_status":"open","sticky":false,"template":"","format":"standard","meta":{"footnotes":""},"categories":[95,97],"tags":[164,171,172,267,299,303],"_links":{"self":[{"href":"https:\/\/www.lapetita.com\/blog\/wp-json\/wp\/v2\/posts\/532"}],"collection":[{"href":"https:\/\/www.lapetita.com\/blog\/wp-json\/wp\/v2\/posts"}],"about":[{"href":"https:\/\/www.lapetita.com\/blog\/wp-json\/wp\/v2\/types\/post"}],"author":[{"embeddable":true,"href":"https:\/\/www.lapetita.com\/blog\/wp-json\/wp\/v2\/users\/3"}],"replies":[{"embeddable":true,"href":"https:\/\/www.lapetita.com\/blog\/wp-json\/wp\/v2\/comments?post=532"}],"version-history":[{"count":0,"href":"https:\/\/www.lapetita.com\/blog\/wp-json\/wp\/v2\/posts\/532\/revisions"}],"wp:featuredmedia":[{"embeddable":true,"href":"https:\/\/www.lapetita.com\/blog\/wp-json\/wp\/v2\/media\/533"}],"wp:attachment":[{"href":"https:\/\/www.lapetita.com\/blog\/wp-json\/wp\/v2\/media?parent=532"}],"wp:term":[{"taxonomy":"category","embeddable":true,"href":"https:\/\/www.lapetita.com\/blog\/wp-json\/wp\/v2\/categories?post=532"},{"taxonomy":"post_tag","embeddable":true,"href":"https:\/\/www.lapetita.com\/blog\/wp-json\/wp\/v2\/tags?post=532"}],"curies":[{"name":"wp","href":"https:\/\/api.w.org\/{rel}","templated":true}]}}