{"id":539,"date":"2015-10-26T19:36:43","date_gmt":"2015-10-26T19:36:43","guid":{"rendered":"http:\/\/elblogdelapetita.com\/?p=539"},"modified":"2015-10-26T19:36:43","modified_gmt":"2015-10-26T19:36:43","slug":"asterix","status":"publish","type":"post","link":"https:\/\/www.lapetita.com\/blog\/asterix\/","title":{"rendered":"#Ast\u00e9rix&#8230;"},"content":{"rendered":"<p>Haciendo un c\u00e1lculo aproximado, he llegado a la conclusi\u00f3n de que deb\u00eda hacer unos veinticinco a\u00f1os que no le\u00eda un Ast\u00e9rix. Recuerdo la colecci\u00f3n y me recuerdo a m\u00ed mismo en la cama de mi habitaci\u00f3n, en casa de mis padres. Era de noche. Muy tarde ya. Y me part\u00eda de risa.<\/p>\n<p>Me part\u00eda yo y se part\u00eda mi hermano, cinco a\u00f1os mayor, que dorm\u00eda en la cama de al lado. A \u00e9l se le ca\u00edan las l\u00e1grimas. Cada uno de nosotros ten\u00eda un volumen distinto en la mano. Mi hermano le hab\u00eda pedido prestada la colecci\u00f3n entera al que a\u00f1os m\u00e1s tarde ser\u00eda su cu\u00f1ado.<\/p>\n<p>Mi madre daba golpes en el tabique que nos separaba de su cuarto. \u00a1\u00a1\u00a1Quer\u00e9is dormiros ya!!! Pero no nos dorm\u00edamos hasta que acababa la aventura que nos estuvi\u00e9semos leyendo.<\/p>\n<p>Despu\u00e9s s\u00ed. Cansados de re\u00edr. Con la sonrisa en los labios.<\/p>\n<p>Hoy he vuelto a leer Ast\u00e9rix. El nuevo. Se titula Ast\u00e8rix y el papiro del C\u00e9sar (Ast\u00e8rix i el papir del C\u00e8sar, en CAT). El guionista y el ilustrador han cambiado. Los temas y los personajes se han actualizado. Me gusta. Me lo he pasado muy bien. Pero sobre todo me ha gustado recordar, al leerlo, aquella habitaci\u00f3n donde lo le\u00eda hace ya varias vidas. Aquellas risas. Aquellos cabreos de mi madre.<\/p>\n<p>-\u00a1Ser\u00e1 posible! Agust\u00edn, diles algo a tus hijos.<\/p>\n<p>-Deja que se r\u00edan&#8230;<\/p>\n","protected":false},"excerpt":{"rendered":"<p>Haciendo un c\u00e1lculo aproximado, he llegado a la conclusi\u00f3n de que deb\u00eda hacer unos veinticinco a\u00f1os que no le\u00eda un Ast\u00e9rix. Recuerdo la colecci\u00f3n y me recuerdo a m\u00ed mismo en la cama de mi habitaci\u00f3n, en casa de mis padres. Era de noche. Muy tarde ya. Y me part\u00eda de risa. Me part\u00eda yo [&hellip;]<\/p>\n","protected":false},"author":3,"featured_media":540,"comment_status":"open","ping_status":"open","sticky":false,"template":"","format":"standard","meta":{"footnotes":""},"categories":[30,42],"tags":[145,184,202,203,220,237,335],"_links":{"self":[{"href":"https:\/\/www.lapetita.com\/blog\/wp-json\/wp\/v2\/posts\/539"}],"collection":[{"href":"https:\/\/www.lapetita.com\/blog\/wp-json\/wp\/v2\/posts"}],"about":[{"href":"https:\/\/www.lapetita.com\/blog\/wp-json\/wp\/v2\/types\/post"}],"author":[{"embeddable":true,"href":"https:\/\/www.lapetita.com\/blog\/wp-json\/wp\/v2\/users\/3"}],"replies":[{"embeddable":true,"href":"https:\/\/www.lapetita.com\/blog\/wp-json\/wp\/v2\/comments?post=539"}],"version-history":[{"count":0,"href":"https:\/\/www.lapetita.com\/blog\/wp-json\/wp\/v2\/posts\/539\/revisions"}],"wp:featuredmedia":[{"embeddable":true,"href":"https:\/\/www.lapetita.com\/blog\/wp-json\/wp\/v2\/media\/540"}],"wp:attachment":[{"href":"https:\/\/www.lapetita.com\/blog\/wp-json\/wp\/v2\/media?parent=539"}],"wp:term":[{"taxonomy":"category","embeddable":true,"href":"https:\/\/www.lapetita.com\/blog\/wp-json\/wp\/v2\/categories?post=539"},{"taxonomy":"post_tag","embeddable":true,"href":"https:\/\/www.lapetita.com\/blog\/wp-json\/wp\/v2\/tags?post=539"}],"curies":[{"name":"wp","href":"https:\/\/api.w.org\/{rel}","templated":true}]}}